{"id":90030,"date":"2014-12-29T19:28:12","date_gmt":"2014-12-29T22:28:12","guid":{"rendered":"http:\/\/www.r2cpress.com.br\/v1\/?p=90030"},"modified":"2014-12-29T19:28:12","modified_gmt":"2014-12-29T22:28:12","slug":"ruas-rodolfo-vieira-e-prado-valadares","status":"publish","type":"post","link":"https:\/\/www.r2cpress.com.br\/v1\/2014\/12\/29\/ruas-rodolfo-vieira-e-prado-valadares\/","title":{"rendered":"RUAS RODOLFO VIEIRA E PRADO VALADARES"},"content":{"rendered":"<div id=\"attachment_90031\" style=\"width: 560px\" class=\"wp-caption aligncenter\"><a href=\"http:\/\/www.r2cpress.com.br\/v1\/wp-content\/uploads\/2014\/12\/CAPA_2.jpg\"><img aria-describedby=\"caption-attachment-90031\" loading=\"lazy\" class=\"size-full wp-image-90031\" src=\"http:\/\/www.r2cpress.com.br\/v1\/wp-content\/uploads\/2014\/12\/CAPA_2.jpg\" alt=\"Centro \/ Ilh\u00e9us\" width=\"550\" height=\"550\" srcset=\"https:\/\/www.r2cpress.com.br\/v1\/wp-content\/uploads\/2014\/12\/CAPA_2.jpg 550w, https:\/\/www.r2cpress.com.br\/v1\/wp-content\/uploads\/2014\/12\/CAPA_2-150x150.jpg 150w, https:\/\/www.r2cpress.com.br\/v1\/wp-content\/uploads\/2014\/12\/CAPA_2-300x300.jpg 300w\" sizes=\"(max-width: 550px) 100vw, 550px\" \/><\/a><p id=\"caption-attachment-90031\" class=\"wp-caption-text\">Centro \/ Ilh\u00e9us<\/p><\/div>\n<p><img loading=\"lazy\" class=\"alignright\" src=\"http:\/\/www.r2cpress.com.br\/v1\/wp-content\/uploads\/zecarlos-r2cpress_reduzida.jpg\" alt=\"\" width=\"300\" height=\"207\" \/>H\u00e1 muito se fala num tal projeto de revitaliza\u00e7\u00e3o do nosso centro hist\u00f3rico.<\/p>\n<p>Na gest\u00e3o anterior, at\u00e9 uma verba federal chegou a ficar \u00e0 disposi\u00e7\u00e3o da prefeitura na ag\u00eancia da Caixa Econ\u00f4mica.<\/p>\n<p>Pela n\u00e3o utiliza\u00e7\u00e3o os recursos foram devolvidos e nunca mais se falou em revitaliza\u00e7\u00e3o do centro hist\u00f3rico.<\/p>\n<p>Naquela gest\u00e3o e depois de in\u00fameros pedidos, a prefeitura resolveu acabar com os estacionamentos de ve\u00edculos das Ruas Rodolfo Vieira e Prado Valadares, transformando-as em cal\u00e7ad\u00e3o.<\/p>\n<p>Passado algum tempo o que se v\u00ea na Rua Rodolfo Vieira \u00e9 um grande estacionamento de motos e motoboys, ficando para os pedestres passeios estreitos e com buracos.<\/p>\n<p>Mas aqui pra n\u00f3s e que ningu\u00e9m saiba, o povo bem que merece isso, principalmente por ser omisso, n\u00e3o cobrar nada e aceitar tudo.<\/p>\n<div id=\"attachment_90032\" style=\"width: 560px\" class=\"wp-caption aligncenter\"><a href=\"http:\/\/www.r2cpress.com.br\/v1\/wp-content\/uploads\/2014\/12\/2014-12-29-10.49.24_1024x768.jpg\"><img aria-describedby=\"caption-attachment-90032\" loading=\"lazy\" class=\"size-full wp-image-90032\" src=\"http:\/\/www.r2cpress.com.br\/v1\/wp-content\/uploads\/2014\/12\/2014-12-29-10.49.24_1024x768.jpg\" alt=\"01\" width=\"550\" height=\"413\" srcset=\"https:\/\/www.r2cpress.com.br\/v1\/wp-content\/uploads\/2014\/12\/2014-12-29-10.49.24_1024x768.jpg 550w, https:\/\/www.r2cpress.com.br\/v1\/wp-content\/uploads\/2014\/12\/2014-12-29-10.49.24_1024x768-300x225.jpg 300w\" sizes=\"(max-width: 550px) 100vw, 550px\" \/><\/a><p id=\"caption-attachment-90032\" class=\"wp-caption-text\">01<\/p><\/div>\n<div id=\"attachment_90033\" style=\"width: 560px\" class=\"wp-caption aligncenter\"><a href=\"http:\/\/www.r2cpress.com.br\/v1\/wp-content\/uploads\/2014\/12\/2014-12-29-10.50.18_1024x768.jpg\"><img aria-describedby=\"caption-attachment-90033\" loading=\"lazy\" class=\"size-full wp-image-90033\" src=\"http:\/\/www.r2cpress.com.br\/v1\/wp-content\/uploads\/2014\/12\/2014-12-29-10.50.18_1024x768.jpg\" alt=\"02\" width=\"550\" height=\"413\" srcset=\"https:\/\/www.r2cpress.com.br\/v1\/wp-content\/uploads\/2014\/12\/2014-12-29-10.50.18_1024x768.jpg 550w, https:\/\/www.r2cpress.com.br\/v1\/wp-content\/uploads\/2014\/12\/2014-12-29-10.50.18_1024x768-300x225.jpg 300w\" sizes=\"(max-width: 550px) 100vw, 550px\" \/><\/a><p id=\"caption-attachment-90033\" class=\"wp-caption-text\">02<\/p><\/div>\n<div id=\"attachment_90034\" style=\"width: 560px\" class=\"wp-caption aligncenter\"><a href=\"http:\/\/www.r2cpress.com.br\/v1\/wp-content\/uploads\/2014\/12\/2014-12-29-10.51.00_1024x768.jpg\"><img aria-describedby=\"caption-attachment-90034\" loading=\"lazy\" class=\"size-full wp-image-90034\" src=\"http:\/\/www.r2cpress.com.br\/v1\/wp-content\/uploads\/2014\/12\/2014-12-29-10.51.00_1024x768.jpg\" alt=\"03\" width=\"550\" height=\"413\" srcset=\"https:\/\/www.r2cpress.com.br\/v1\/wp-content\/uploads\/2014\/12\/2014-12-29-10.51.00_1024x768.jpg 550w, https:\/\/www.r2cpress.com.br\/v1\/wp-content\/uploads\/2014\/12\/2014-12-29-10.51.00_1024x768-300x225.jpg 300w\" sizes=\"(max-width: 550px) 100vw, 550px\" \/><\/a><p id=\"caption-attachment-90034\" class=\"wp-caption-text\">03<\/p><\/div>\n<p>E a realidade \u00e9 a que se v\u00ea nas fotos.<\/p>\n<p>Quanto \u00e0 Rua Prado Valadares, v\u00e1rias tentativas est\u00e3o sendo feitas pelos motoristas para voltar a ser o que era, estacionamento e impedindo a mobilidade dos pedestres.<\/p>\n<p style=\"text-align: center;\">Reclamar a quem? Em Ilh\u00e9us pode tudo.<\/p>\n<p style=\"text-align: center;\">Obrigado. Com licen\u00e7a.<\/p>\n<p style=\"text-align: center;\"><strong>Z\u00c9CARLOS JUNIOR<\/strong><\/p>\n","protected":false},"excerpt":{"rendered":"<p>H\u00e1 muito se fala num tal projeto de revitaliza\u00e7\u00e3o do nosso centro hist\u00f3rico. Na gest\u00e3o anterior, at\u00e9 uma verba federal chegou a ficar \u00e0 disposi\u00e7\u00e3o da prefeitura na ag\u00eancia da Caixa Econ\u00f4mica. Pela n\u00e3o utiliza\u00e7\u00e3o os recursos foram devolvidos e nunca mais se falou em revitaliza\u00e7\u00e3o do centro hist\u00f3rico. Naquela gest\u00e3o e depois de in\u00fameros [&hellip;]<\/p>\n","protected":false},"author":2,"featured_media":0,"comment_status":"open","ping_status":"open","sticky":false,"template":"","format":"standard","meta":{"_links_to":"","_links_to_target":""},"categories":[10],"tags":[],"_links":{"self":[{"href":"https:\/\/www.r2cpress.com.br\/v1\/wp-json\/wp\/v2\/posts\/90030"}],"collection":[{"href":"https:\/\/www.r2cpress.com.br\/v1\/wp-json\/wp\/v2\/posts"}],"about":[{"href":"https:\/\/www.r2cpress.com.br\/v1\/wp-json\/wp\/v2\/types\/post"}],"author":[{"embeddable":true,"href":"https:\/\/www.r2cpress.com.br\/v1\/wp-json\/wp\/v2\/users\/2"}],"replies":[{"embeddable":true,"href":"https:\/\/www.r2cpress.com.br\/v1\/wp-json\/wp\/v2\/comments?post=90030"}],"version-history":[{"count":2,"href":"https:\/\/www.r2cpress.com.br\/v1\/wp-json\/wp\/v2\/posts\/90030\/revisions"}],"predecessor-version":[{"id":90036,"href":"https:\/\/www.r2cpress.com.br\/v1\/wp-json\/wp\/v2\/posts\/90030\/revisions\/90036"}],"wp:attachment":[{"href":"https:\/\/www.r2cpress.com.br\/v1\/wp-json\/wp\/v2\/media?parent=90030"}],"wp:term":[{"taxonomy":"category","embeddable":true,"href":"https:\/\/www.r2cpress.com.br\/v1\/wp-json\/wp\/v2\/categories?post=90030"},{"taxonomy":"post_tag","embeddable":true,"href":"https:\/\/www.r2cpress.com.br\/v1\/wp-json\/wp\/v2\/tags?post=90030"}],"curies":[{"name":"wp","href":"https:\/\/api.w.org\/{rel}","templated":true}]}}