{"id":90061,"date":"2014-12-30T10:57:36","date_gmt":"2014-12-30T13:57:36","guid":{"rendered":"http:\/\/www.r2cpress.com.br\/v1\/?p=90061"},"modified":"2014-12-30T10:57:36","modified_gmt":"2014-12-30T13:57:36","slug":"prefeitura-de-ilheus-funciona-meio-expediente-nesta-quarta-feira-31","status":"publish","type":"post","link":"https:\/\/www.r2cpress.com.br\/v1\/2014\/12\/30\/prefeitura-de-ilheus-funciona-meio-expediente-nesta-quarta-feira-31\/","title":{"rendered":"Prefeitura de Ilh\u00e9us funciona meio expediente nesta quarta-feira, 31"},"content":{"rendered":"<p>Servi\u00e7os considerados essenciais como das \u00e1reas da sa\u00fade, limpeza urbana, ilumina\u00e7\u00e3o manter\u00e3o os hor\u00e1rios de rotina.<\/p>\n<p>Os setores administrativos das reparti\u00e7\u00f5es internas e externas da Prefeitura Municipal de Ilh\u00e9us funcionam at\u00e9 as 13 horas desta quarta-feira, dia 31. Assim como ocorreu na v\u00e9spera do Natal, o ponto facultativo no turno vespertino foi determinado, por decreto, pelo prefeito Jabes Ribeiro. A medida, contudo, n\u00e3o inclui os servi\u00e7os considerados essenciais, como nas \u00e1reas de sa\u00fade, limpeza urbana, ilumina\u00e7\u00e3o.<br \/>\n&#8212;<br \/>\nSecretaria de Comunica\u00e7\u00e3o Social \u2013 Secom<\/p>\n","protected":false},"excerpt":{"rendered":"<p>Servi\u00e7os considerados essenciais como das \u00e1reas da sa\u00fade, limpeza urbana, ilumina\u00e7\u00e3o manter\u00e3o os hor\u00e1rios de rotina. Os setores administrativos das reparti\u00e7\u00f5es internas e externas da Prefeitura Municipal de Ilh\u00e9us funcionam at\u00e9 as 13 horas desta quarta-feira, dia 31. Assim como ocorreu na v\u00e9spera do Natal, o ponto facultativo no turno vespertino foi determinado, por decreto, [&hellip;]<\/p>\n","protected":false},"author":2,"featured_media":0,"comment_status":"open","ping_status":"open","sticky":false,"template":"","format":"standard","meta":{"_links_to":"","_links_to_target":""},"categories":[23],"tags":[],"_links":{"self":[{"href":"https:\/\/www.r2cpress.com.br\/v1\/wp-json\/wp\/v2\/posts\/90061"}],"collection":[{"href":"https:\/\/www.r2cpress.com.br\/v1\/wp-json\/wp\/v2\/posts"}],"about":[{"href":"https:\/\/www.r2cpress.com.br\/v1\/wp-json\/wp\/v2\/types\/post"}],"author":[{"embeddable":true,"href":"https:\/\/www.r2cpress.com.br\/v1\/wp-json\/wp\/v2\/users\/2"}],"replies":[{"embeddable":true,"href":"https:\/\/www.r2cpress.com.br\/v1\/wp-json\/wp\/v2\/comments?post=90061"}],"version-history":[{"count":1,"href":"https:\/\/www.r2cpress.com.br\/v1\/wp-json\/wp\/v2\/posts\/90061\/revisions"}],"predecessor-version":[{"id":90062,"href":"https:\/\/www.r2cpress.com.br\/v1\/wp-json\/wp\/v2\/posts\/90061\/revisions\/90062"}],"wp:attachment":[{"href":"https:\/\/www.r2cpress.com.br\/v1\/wp-json\/wp\/v2\/media?parent=90061"}],"wp:term":[{"taxonomy":"category","embeddable":true,"href":"https:\/\/www.r2cpress.com.br\/v1\/wp-json\/wp\/v2\/categories?post=90061"},{"taxonomy":"post_tag","embeddable":true,"href":"https:\/\/www.r2cpress.com.br\/v1\/wp-json\/wp\/v2\/tags?post=90061"}],"curies":[{"name":"wp","href":"https:\/\/api.w.org\/{rel}","templated":true}]}}