{"id":90066,"date":"2014-12-30T13:23:34","date_gmt":"2014-12-30T16:23:34","guid":{"rendered":"http:\/\/www.r2cpress.com.br\/v1\/?p=90066"},"modified":"2014-12-30T13:23:34","modified_gmt":"2014-12-30T16:23:34","slug":"ciprvitabuna-reforca-policiamento-e-deflagra-operacao-reveillon-2015","status":"publish","type":"post","link":"https:\/\/www.r2cpress.com.br\/v1\/2014\/12\/30\/ciprvitabuna-reforca-policiamento-e-deflagra-operacao-reveillon-2015\/","title":{"rendered":"CIPRv\/Itabuna refor\u00e7a policiamento e deflagra \u201cOpera\u00e7\u00e3o R\u00e9veillon 2015\u201d"},"content":{"rendered":"<p style=\"text-align: center;\"><strong>POL\u00cdCIA MILITAR DA BAHIA<\/strong><br \/>\n<strong> COMANDOI DE POLICIAMENTO ESPECIALIZADO<\/strong><br \/>\n<strong> COMPANHIA INDEPENDENTE DE POL\u00cdCIA RODOVI\u00c1RIA ESTADUAL DE ITABUNA<\/strong><\/p>\n<p style=\"text-align: justify;\"><a href=\"http:\/\/www.r2cpress.com.br\/v1\/wp-content\/uploads\/2014\/12\/Pol\u00edcia-Rodovi\u00e1ria.jpg\"><img loading=\"lazy\" class=\"alignleft size-full wp-image-90067\" src=\"http:\/\/www.r2cpress.com.br\/v1\/wp-content\/uploads\/2014\/12\/Pol\u00edcia-Rodovi\u00e1ria.jpg\" alt=\"SAMSUNG CAMERA PICTURES\" width=\"333\" height=\"187\" srcset=\"https:\/\/www.r2cpress.com.br\/v1\/wp-content\/uploads\/2014\/12\/Pol\u00edcia-Rodovi\u00e1ria.jpg 333w, https:\/\/www.r2cpress.com.br\/v1\/wp-content\/uploads\/2014\/12\/Pol\u00edcia-Rodovi\u00e1ria-300x168.jpg 300w\" sizes=\"(max-width: 333px) 100vw, 333px\" \/><\/a>Com o intuito de dar maior seguran\u00e7a nas Estradas Estaduais, devido ao aumento de fluxo de ve\u00edculos neste per\u00edodo nas rodovias, a CIPRv\/Itabuna dar\u00e1 inicio a \u201cOpera\u00e7\u00e3o R\u00e9veillon 2015\u201d, amanh\u00e3 (31), a partir das 8h00, com t\u00e9rmino no dia 5 de janeiro.<\/p>\n<p>Para refor\u00e7ar o policiamento na regi\u00e3o, a Unidade Operacional disponibilizar\u00e1 60 policiais militares em car\u00e1ter extraordin\u00e1rio, al\u00e9m do policiamento ordin\u00e1rio, para fiscaliza\u00e7\u00e3o nas rodovias.<br \/>\nPara tanto ser\u00e3o realizadas blitzen, poss\u00edveis bloqueios, abordagens e rondas nos trechos mais cr\u00edticos das rodovias. Haver\u00e1 tamb\u00e9m a fiscaliza\u00e7\u00e3o de documentos de porte obrigat\u00f3rio para ve\u00edculos e condutores, excesso de velocidade, falta do uso do cinto de seguran\u00e7a, embriaguez ao volante al\u00e9m de outros crimes de tr\u00e2nsito.<br \/>\nAs guarni\u00e7\u00f5es do TOR \u2013 T\u00e1tico Ostensivo Rodovi\u00e1rio far\u00e3o frente \u00e0s demandas de poss\u00edveis manifesta\u00e7\u00f5es e bloqueio nas estradas, al\u00e9m da fiscaliza\u00e7\u00e3o rotineira.<br \/>\nParalelo a esta opera\u00e7\u00e3o acontece a \u201cOpera\u00e7\u00e3o Ver\u00e3o\u201d. A \u00fanica restri\u00e7\u00e3o para ve\u00edculos nas rodovias Estaduais ainda \u00e9 na BA-001, trecho Ilh\u00e9us\/Itacar\u00e9, aproximadamente no km 46 da autopista, onde se encontra em manuten\u00e7\u00e3o, devido \u00e0 eros\u00e3o ocorrida na madrugada do dia 17 deste m\u00eas, devido \u00e0 forte chuva na regi\u00e3o.<\/p>\n<p>&#8212;<\/p>\n<p><em><strong>Ana Paula Pires<\/strong><\/em><\/p>\n","protected":false},"excerpt":{"rendered":"<p>POL\u00cdCIA MILITAR DA BAHIA COMANDOI DE POLICIAMENTO ESPECIALIZADO COMPANHIA INDEPENDENTE DE POL\u00cdCIA RODOVI\u00c1RIA ESTADUAL DE ITABUNA Com o intuito de dar maior seguran\u00e7a nas Estradas Estaduais, devido ao aumento de fluxo de ve\u00edculos neste per\u00edodo nas rodovias, a CIPRv\/Itabuna dar\u00e1 inicio a \u201cOpera\u00e7\u00e3o R\u00e9veillon 2015\u201d, amanh\u00e3 (31), a partir das 8h00, com t\u00e9rmino no dia [&hellip;]<\/p>\n","protected":false},"author":2,"featured_media":0,"comment_status":"open","ping_status":"open","sticky":false,"template":"","format":"standard","meta":{"_links_to":"","_links_to_target":""},"categories":[25],"tags":[],"_links":{"self":[{"href":"https:\/\/www.r2cpress.com.br\/v1\/wp-json\/wp\/v2\/posts\/90066"}],"collection":[{"href":"https:\/\/www.r2cpress.com.br\/v1\/wp-json\/wp\/v2\/posts"}],"about":[{"href":"https:\/\/www.r2cpress.com.br\/v1\/wp-json\/wp\/v2\/types\/post"}],"author":[{"embeddable":true,"href":"https:\/\/www.r2cpress.com.br\/v1\/wp-json\/wp\/v2\/users\/2"}],"replies":[{"embeddable":true,"href":"https:\/\/www.r2cpress.com.br\/v1\/wp-json\/wp\/v2\/comments?post=90066"}],"version-history":[{"count":3,"href":"https:\/\/www.r2cpress.com.br\/v1\/wp-json\/wp\/v2\/posts\/90066\/revisions"}],"predecessor-version":[{"id":90070,"href":"https:\/\/www.r2cpress.com.br\/v1\/wp-json\/wp\/v2\/posts\/90066\/revisions\/90070"}],"wp:attachment":[{"href":"https:\/\/www.r2cpress.com.br\/v1\/wp-json\/wp\/v2\/media?parent=90066"}],"wp:term":[{"taxonomy":"category","embeddable":true,"href":"https:\/\/www.r2cpress.com.br\/v1\/wp-json\/wp\/v2\/categories?post=90066"},{"taxonomy":"post_tag","embeddable":true,"href":"https:\/\/www.r2cpress.com.br\/v1\/wp-json\/wp\/v2\/tags?post=90066"}],"curies":[{"name":"wp","href":"https:\/\/api.w.org\/{rel}","templated":true}]}}