{"id":90094,"date":"2014-12-31T15:41:31","date_gmt":"2014-12-31T18:41:31","guid":{"rendered":"http:\/\/www.r2cpress.com.br\/v1\/?p=90094"},"modified":"2014-12-31T15:41:31","modified_gmt":"2014-12-31T18:41:31","slug":"governador-rui-costa-assegura-obra-da-nova-ponte-de-ilheus","status":"publish","type":"post","link":"https:\/\/www.r2cpress.com.br\/v1\/2014\/12\/31\/governador-rui-costa-assegura-obra-da-nova-ponte-de-ilheus\/","title":{"rendered":"Governador Rui Costa assegura obra da nova ponte de Ilh\u00e9us"},"content":{"rendered":"<p><em>A informa\u00e7\u00e3o foi concedida pelo prefeito Jabes Ribeiro, que participa nesta quinta-feira, dia 1\u00ba de janeiro, da solenidade de posse do governador eleito da Bahia, Rui Costa.<br \/>\n<\/em><\/p>\n<p>O prefeito Jabes Ribeiro, de Ilh\u00e9us, informou que, durante encontro recente em Salvador, o governador eleito da Bahia, Rui Costa, assegurou a continuidade das obras de constru\u00e7\u00e3o da nova Ponte Centro\/Zona Sul. Nesse sentido, o prefeito \u2013 que tamb\u00e9m \u00e9 secret\u00e1rio geral do PP (Partido Progressista) na Bahia &#8211; confirmou sua participa\u00e7\u00e3o, nesta quinta-feira, dia 1\u00ba de janeiro, a partir das 8 horas, na Assembleia Legislativa, da solenidade de posse do novo governador da Bahia e de seu vice, o ex-deputado Jo\u00e3o Le\u00e3o.<\/p>\n<p>Segundo o chefe do Executivo ilheense, que concedeu entrevista ao Programa O Tabuleiro, na FM Conquista, na manh\u00e3 desta quarta-feira, dia 31, as obras da primeira ponte estaiada da Bahia dever\u00e3o ser reiniciados no pr\u00f3ximo m\u00eas de fevereiro. O novo governador tamb\u00e9m garantiu a obra do saneamento b\u00e1sico da Bacia do Pontal e de constru\u00e7\u00e3o do novo Hospital Regional Costa do Cacau.<\/p>\n<p><!--more--><\/p>\n<p>Balan\u00e7o &#8211; Durante a entrevista, Jabes Ribeiro fez um breve balan\u00e7o das conquistas alcan\u00e7adas durante o ano de 2014. Segundo ele, apesar de in\u00fameras dificuldades, foi poss\u00edvel avan\u00e7ar ainda mais no processo de reorganiza\u00e7\u00e3o do munic\u00edpio e da m\u00e1quina administrativa. Nesse sentido, ele destacou a regulariza\u00e7\u00e3o da Prefeitura de Ilh\u00e9us que figurava h\u00e1 nove anos como inadimplente no CAUC (Servi\u00e7o Auxiliar de Informa\u00e7\u00f5es para Transfer\u00eancias Volunt\u00e1rias). \u201cA partir desta nova realidade, o munic\u00edpio volta a adquirir a possibilidade de captar financiamentos e transfer\u00eancias de outras esferas governamentais\u201d, comemorou.<\/p>\n<p>Na oportunidade, o prefeito de Ilh\u00e9us tamb\u00e9m citou como um dos pontos positivos de 2014 a aprova\u00e7\u00e3o das contas da Prefeitura Municipal, referentes ao exerc\u00edcio de 2013, depois de sete anos consecutivos de contas rejeitadas pelo Tribunal de Contas dos Munic\u00edpios (TCM). \u201cEsta aprova\u00e7\u00e3o, apesar das ressalvas, foi fruto da realiza\u00e7\u00e3o dos ajustes necess\u00e1rios visando o equil\u00edbrio financeiro, principalmente no que diz respeito \u00e0 redu\u00e7\u00e3o do \u00edndice de pessoal, que, em janeiro de 2013,  estava em 78% e, hoje, se posiciona na casa dos 64%\u201d, reiterou.<\/p>\n<p>Usina &#8211; A aquisi\u00e7\u00e3o da usina asf\u00e1ltica, que representou um investimento do tesouro municipal de R$ 2.340 milh\u00f5es tamb\u00e9m foi citado pelo prefeito como uma das grandes conquistas de 2014. \u201cCom ela, ser\u00e1 poss\u00edvel aperfei\u00e7oarmos de forma significativa a malha vi\u00e1ria da cidade, realidade que contribuir\u00e1 para a melhoria do dia-a-dia da popula\u00e7\u00e3o\u201d, avaliou.<\/p>\n<p>Outro avan\u00e7o considerado por Jabes Ribeiro como essencial para o futuro do munic\u00edpio foi a aprova\u00e7\u00e3o, pela C\u00e2mara de Vereadores, do novo C\u00f3digo Tribut\u00e1rio Municipal. Ap\u00f3s destacar mais uma vez que o novo diploma foi elaborado com base na capacidade contributiva do cidad\u00e3o, o prefeito ressaltou a isen\u00e7\u00e3o do pagamento de IPTU de cerca de 15 mil im\u00f3veis, ou, aproximadamente, 60 mil pessoas.<\/p>\n<p>O novo C\u00f3digo Tribut\u00e1rio inclui a revis\u00e3o da Planta Gen\u00e9rica de Valores (PVG), propondo uma atualiza\u00e7\u00e3o do valor venal (valor de mercado) dos im\u00f3veis, defasado h\u00e1 17 anos.  Segundo o prefeito, o c\u00f3digo traz maior seguran\u00e7a jur\u00eddica ao contribuinte e ao munic\u00edpio, e est\u00e1 fundamentado em jurisprud\u00eancias e decis\u00f5es dos tribunais j\u00e1 consolidadas.<\/p>\n<p>&#8212;<br \/>\nSecretaria de Comunica\u00e7\u00e3o Social \u2013 Secom<\/p>\n","protected":false},"excerpt":{"rendered":"<p>A informa\u00e7\u00e3o foi concedida pelo prefeito Jabes Ribeiro, que participa nesta quinta-feira, dia 1\u00ba de janeiro, da solenidade de posse do governador eleito da Bahia, Rui Costa. O prefeito Jabes Ribeiro, de Ilh\u00e9us, informou que, durante encontro recente em Salvador, o governador eleito da Bahia, Rui Costa, assegurou a continuidade das obras de constru\u00e7\u00e3o da [&hellip;]<\/p>\n","protected":false},"author":2,"featured_media":0,"comment_status":"open","ping_status":"open","sticky":false,"template":"","format":"standard","meta":{"_links_to":"","_links_to_target":""},"categories":[23],"tags":[],"_links":{"self":[{"href":"https:\/\/www.r2cpress.com.br\/v1\/wp-json\/wp\/v2\/posts\/90094"}],"collection":[{"href":"https:\/\/www.r2cpress.com.br\/v1\/wp-json\/wp\/v2\/posts"}],"about":[{"href":"https:\/\/www.r2cpress.com.br\/v1\/wp-json\/wp\/v2\/types\/post"}],"author":[{"embeddable":true,"href":"https:\/\/www.r2cpress.com.br\/v1\/wp-json\/wp\/v2\/users\/2"}],"replies":[{"embeddable":true,"href":"https:\/\/www.r2cpress.com.br\/v1\/wp-json\/wp\/v2\/comments?post=90094"}],"version-history":[{"count":2,"href":"https:\/\/www.r2cpress.com.br\/v1\/wp-json\/wp\/v2\/posts\/90094\/revisions"}],"predecessor-version":[{"id":90096,"href":"https:\/\/www.r2cpress.com.br\/v1\/wp-json\/wp\/v2\/posts\/90094\/revisions\/90096"}],"wp:attachment":[{"href":"https:\/\/www.r2cpress.com.br\/v1\/wp-json\/wp\/v2\/media?parent=90094"}],"wp:term":[{"taxonomy":"category","embeddable":true,"href":"https:\/\/www.r2cpress.com.br\/v1\/wp-json\/wp\/v2\/categories?post=90094"},{"taxonomy":"post_tag","embeddable":true,"href":"https:\/\/www.r2cpress.com.br\/v1\/wp-json\/wp\/v2\/tags?post=90094"}],"curies":[{"name":"wp","href":"https:\/\/api.w.org\/{rel}","templated":true}]}}