{"id":90103,"date":"2014-12-31T18:56:55","date_gmt":"2014-12-31T21:56:55","guid":{"rendered":"http:\/\/www.r2cpress.com.br\/v1\/?p=90103"},"modified":"2014-12-31T18:56:55","modified_gmt":"2014-12-31T21:56:55","slug":"transporte-coletivo-de-ilheus-circula-em-horario-especial-nesta-quarta-31","status":"publish","type":"post","link":"https:\/\/www.r2cpress.com.br\/v1\/2014\/12\/31\/transporte-coletivo-de-ilheus-circula-em-horario-especial-nesta-quarta-31\/","title":{"rendered":"Transporte coletivo de Ilh\u00e9us circula em hor\u00e1rio especial nesta quarta, 31"},"content":{"rendered":"<p><em>As mudan\u00e7as s\u00e3o em aten\u00e7\u00e3o aos cidad\u00e3os que v\u00e3o participar do R\u00e9veillon Popular de Ilh\u00e9us e ao Sindicato dos Rodovi\u00e1rios.<\/em><\/p>\n<p>Conforme planejamento da Superintend\u00eancia Municipal de Tr\u00e2nsito e Transportes (Sutrans), vinculada \u00e0 Secretaria de Desenvolvimento Urbano (Sedur), o sistema de transporte coletivo ir\u00e1 funcionar durante a madrugada desta quinta-feira, dia 1\u00ba de janeiro. Haver\u00e1 linhas de todos os bairros para o Centro da cidade, para atender aos ilheenses e turistas que pretendem participar do R\u00e9veillon Popular de Ilh\u00e9us, na Avenida Soares Lopes, promovido pela Prefeitura Municipal, em parceria com o Governo do Estado.<\/p>\n<p>O titular da Sedur, Isaac Albagli informa tamb\u00e9m que as linhas do interior ir\u00e3o circular at\u00e9 as 22 horas desta quarta-feira, obedecendo os hor\u00e1rios afixados\u00a0nos ve\u00edculos. Na sede, as modifica\u00e7\u00f5es tamb\u00e9m ser\u00e3o a partir das 22 horas,\u00a0onde ser\u00e1 utilizada a tabela de domingo. Portanto, a partir das 22 horas desta quarta, os usu\u00e1rios dever\u00e3o seguir os hor\u00e1rios de circula\u00e7\u00e3o do transporte coletivo\u00a0praticados nos domingos. As altera\u00e7\u00f5es foram realizadas a pedido do Sindicato dos Rodovi\u00e1rios, atrav\u00e9s do presidente Gustavo Santana.<\/p>\n<p>A ideia \u00e9 oportunizar aos profissionais a celebra\u00e7\u00e3o do R\u00e9veillon com a fam\u00edlia, sem prejudicar o deslocamento do ilheense. Conforme explica Isaac Albagli, a altera\u00e7\u00e3o s\u00f3 foi autorizada ap\u00f3s estudo de fluxo de passageiros nesse hor\u00e1rio que \u00e9 m\u00ednima, chegado, em alguns casos, nas linhas do interior, o registro de quatro ou cinco pessoas por viagem.<\/p>\n<p><strong>R\u00e9veillon Popular de Ilh\u00e9us<\/strong><\/p>\n<p><!--more--><\/p>\n<p>A programa\u00e7\u00e3o do R\u00e9veillon Popular de Ilh\u00e9us, na Avenida Soares Lopes, vai iniciar as 21 horas, desta quarta-feira, dia 31. A Banda Dibale \u00e9 primeira atra\u00e7\u00e3o a subir ao palco, montado ao lado da Catedral de S\u00e3o Sebasti\u00e3o. Em Seguida, sobe ao palco a Banda Chicaf\u00e9, que far\u00e1 a contagem regressiva para a chegada de 2015, acompanhado por um show pirot\u00e9cnico. Em seguida, a popula\u00e7\u00e3o e turistas permanecer\u00e3o no ritmo da alegria ao som da Banda Rapazziada. No dia 1\u00ba de janeiro a festa segue, tamb\u00e9m a partir das 21 horas, ao som do cantor Leonardo L\u00e9o e da Banda Realce, que se apresentar\u00e3o nesta ordem.<\/p>\n<p>Conforme informa\u00e7\u00f5es do chefe de Gabinete, Victor da Veiga, nos dois dias festa a prefeitura vai disponibilizar uma infraestrutura esquematizada para proporcionar mais conforto e tranquilidade \u00e0 popula\u00e7\u00e3o. A Secretaria Municipal de Sa\u00fade (Sesau) ir\u00e1 montar uma unidade para atendimentos emergenciais; agentes de tr\u00e2nsito estar\u00e3o de prontid\u00e3o orientando o fluxo de ve\u00edculos e de pedestres e os salva-vidas permanecer\u00e3o na praia atento ao movimento dos ilheenses e turistas que quiseram festejar 2015 com um banho de mar.<\/p>\n<p>Durante o circuito da festa, haver\u00e1 sanit\u00e1rios qu\u00edmicos, e agentes da Guarda Municipal est\u00e3o presentes colaborando com o trabalho da Pol\u00edcia Militar, na promo\u00e7\u00e3o de seguran\u00e7a.<\/p>\n<p>&#8212;<\/p>\n<p>Secretaria de Comunica\u00e7\u00e3o Social \u2013 Secom<\/p>\n","protected":false},"excerpt":{"rendered":"<p>As mudan\u00e7as s\u00e3o em aten\u00e7\u00e3o aos cidad\u00e3os que v\u00e3o participar do R\u00e9veillon Popular de Ilh\u00e9us e ao Sindicato dos Rodovi\u00e1rios. Conforme planejamento da Superintend\u00eancia Municipal de Tr\u00e2nsito e Transportes (Sutrans), vinculada \u00e0 Secretaria de Desenvolvimento Urbano (Sedur), o sistema de transporte coletivo ir\u00e1 funcionar durante a madrugada desta quinta-feira, dia 1\u00ba de janeiro. Haver\u00e1 linhas [&hellip;]<\/p>\n","protected":false},"author":2,"featured_media":0,"comment_status":"open","ping_status":"open","sticky":false,"template":"","format":"standard","meta":{"_links_to":"","_links_to_target":""},"categories":[23],"tags":[],"_links":{"self":[{"href":"https:\/\/www.r2cpress.com.br\/v1\/wp-json\/wp\/v2\/posts\/90103"}],"collection":[{"href":"https:\/\/www.r2cpress.com.br\/v1\/wp-json\/wp\/v2\/posts"}],"about":[{"href":"https:\/\/www.r2cpress.com.br\/v1\/wp-json\/wp\/v2\/types\/post"}],"author":[{"embeddable":true,"href":"https:\/\/www.r2cpress.com.br\/v1\/wp-json\/wp\/v2\/users\/2"}],"replies":[{"embeddable":true,"href":"https:\/\/www.r2cpress.com.br\/v1\/wp-json\/wp\/v2\/comments?post=90103"}],"version-history":[{"count":2,"href":"https:\/\/www.r2cpress.com.br\/v1\/wp-json\/wp\/v2\/posts\/90103\/revisions"}],"predecessor-version":[{"id":90105,"href":"https:\/\/www.r2cpress.com.br\/v1\/wp-json\/wp\/v2\/posts\/90103\/revisions\/90105"}],"wp:attachment":[{"href":"https:\/\/www.r2cpress.com.br\/v1\/wp-json\/wp\/v2\/media?parent=90103"}],"wp:term":[{"taxonomy":"category","embeddable":true,"href":"https:\/\/www.r2cpress.com.br\/v1\/wp-json\/wp\/v2\/categories?post=90103"},{"taxonomy":"post_tag","embeddable":true,"href":"https:\/\/www.r2cpress.com.br\/v1\/wp-json\/wp\/v2\/tags?post=90103"}],"curies":[{"name":"wp","href":"https:\/\/api.w.org\/{rel}","templated":true}]}}