{"id":90379,"date":"2015-01-12T20:11:52","date_gmt":"2015-01-12T23:11:52","guid":{"rendered":"http:\/\/www.r2cpress.com.br\/v1\/?p=90379"},"modified":"2015-01-12T20:11:52","modified_gmt":"2015-01-12T23:11:52","slug":"festa-da-puxada-do-mastro-transcorreu-em-clima-de-tranquilidade","status":"publish","type":"post","link":"https:\/\/www.r2cpress.com.br\/v1\/2015\/01\/12\/festa-da-puxada-do-mastro-transcorreu-em-clima-de-tranquilidade\/","title":{"rendered":"Festa da puxada do mastro transcorreu em clima de tranquilidade"},"content":{"rendered":"<p>Um dos principais eventos do calend\u00e1rio de ver\u00e3o de Ilh\u00e9us, a festa da puxada do mastro de S\u00e3o Sebasti\u00e3o mais uma vez transcorreu em clima de tranquilidade. O evento cultura e tur\u00edstico, que acontece todos os anos no segundo domingo de janeiro, \u00e9 realizado pela Prefeitura de Ilh\u00e9us, atrav\u00e9s das secretarias de Turismo, Sa\u00fade, Cultura e Ind\u00fastria e Com\u00e9rcio, em parceria com a Associa\u00e7\u00e3o dos Machadeiros de Oliven\u00e7a e as pol\u00edcias Militar e Rodovi\u00e1ria.<\/p>\n<div id=\"attachment_90380\" style=\"width: 560px\" class=\"wp-caption aligncenter\"><a href=\"http:\/\/www.r2cpress.com.br\/v1\/wp-content\/uploads\/2015\/01\/Puxada-do-Mastro-de-S\u00e3o-Sebasti\u00e3o-em-Oliven\u00e7a-Foto-Alfredo-Filho-2.jpg\"><img aria-describedby=\"caption-attachment-90380\" loading=\"lazy\" class=\"size-full wp-image-90380\" src=\"http:\/\/www.r2cpress.com.br\/v1\/wp-content\/uploads\/2015\/01\/Puxada-do-Mastro-de-S\u00e3o-Sebasti\u00e3o-em-Oliven\u00e7a-Foto-Alfredo-Filho-2.jpg\" alt=\"Puxada do Mastro de S\u00e3o Sebasti\u00e3o em Oliven\u00e7a - Foto Alfredo Filho.\" width=\"550\" height=\"362\" srcset=\"https:\/\/www.r2cpress.com.br\/v1\/wp-content\/uploads\/2015\/01\/Puxada-do-Mastro-de-S\u00e3o-Sebasti\u00e3o-em-Oliven\u00e7a-Foto-Alfredo-Filho-2.jpg 550w, https:\/\/www.r2cpress.com.br\/v1\/wp-content\/uploads\/2015\/01\/Puxada-do-Mastro-de-S\u00e3o-Sebasti\u00e3o-em-Oliven\u00e7a-Foto-Alfredo-Filho-2-300x197.jpg 300w\" sizes=\"(max-width: 550px) 100vw, 550px\" \/><\/a><p id=\"caption-attachment-90380\" class=\"wp-caption-text\">Puxada do Mastro de S\u00e3o Sebasti\u00e3o em Oliven\u00e7a &#8211; Foto Alfredo Filho.<\/p><\/div>\n<p>Al\u00e9m dos festejos ind\u00edgenas e religiosos, a parte profana contou com a participa\u00e7\u00e3o das bandas Batuk Bom, Zahra, Di Bali, Pagofunk e Flor do Caribe.\u00a0Os organizadores estimam que cerca de 5 mil pessoas tenham acompanhado o ritual, que teve in\u00edcio no \u00faltimo dia 4, na mata de Ipanema (que dista cerca de cinco quil\u00f4metros do povoado), com a escolha do novo mastro. Paralelo \u00e0 escolha e retirada da \u00e1rvore da mata, os machadeiros realizam o replantio de 30 mudas da planta. A tora ser\u00e1 colocada\u00a0no lugar do anterior no pr\u00f3ximo dia 20 de janeiro, dia de S\u00e3o Sebasti\u00e3o.<\/p>\n<p><!--more--><\/p>\n<p>O secret\u00e1rio municipal de Cultura, Paulo Atto (que responde interinamente pela pasta de Turismo), informou que a festa representa registro significativo do patrim\u00f4nio imaterial de Ilh\u00e9us e integra a tradi\u00e7\u00e3o, mem\u00f3ria, festa e religiosidade da cidade. Por sua vez, o presidente da Associa\u00e7\u00e3o dos Machadeiros de Oliven\u00e7a, Arivaldo Batista (Camisa), lembrou que na festa sempre aconteceram muitas ora\u00e7\u00f5es, agradecimentos e rituais em homenagem aos seus ancestrais.<\/p>\n<p><strong>Origem\u00a0&#8211;<\/strong>\u00a0Segundo o historiador Erlon F\u00e1bio Costa, a Festa da Puxada do Mastro de Oliven\u00e7a teve in\u00edcio do s\u00e9culo XVI, com a chamada Corrida de Toras, evento que integrava uma s\u00e9rie de representa\u00e7\u00f5es religiosas alimentadas pelos ind\u00edgenas da regi\u00e3o. \u201cA partir do S\u00e9culo XVIII, passamos a ter a festa com a configura\u00e7\u00e3o que chegou at\u00e9 os nossos dias\u201d, ressalta, reiterando que a imagem de S\u00e3o Sebasti\u00e3o desconfigurou a antiga\u00a0Corrida de Toras e inseriu os s\u00edmbolos e elementos da Igreja Cat\u00f3lica.<\/p>\n<p>Apesar disso, Erlon F\u00e1bio Costa enfatiza que o mastro, principal s\u00edmbolo da festividade e utilizado pela Igreja Cat\u00f3lica para sustentar bandeiras de santos em frente aos templos, serve para demonstrar a resist\u00eancia da comunidade ind\u00edgena no que diz respeito aos seus in\u00fameros aspectos culturais. \u201cTamb\u00e9m nesse sentido, \u00e9 importante acrescentar que a Puxada do Mastro \u00e9 uma celebra\u00e7\u00e3o onde homens, mulheres e crian\u00e7as possuem pap\u00e9is e fun\u00e7\u00f5es, o que fortalece a participa\u00e7\u00e3o comunit\u00e1ria e ajuda a explicar o fato de que, ao longo do tempo e ao contr\u00e1rio de outros eventos, essa manifesta\u00e7\u00e3o se mant\u00e9m forte e revigorada\u201d, afirma o historiador.<\/p>\n<p>&#8212;<\/p>\n<p><strong>Secretaria de Comunica\u00e7\u00e3o Social \u2013 Secom<\/strong><\/p>\n","protected":false},"excerpt":{"rendered":"<p>Um dos principais eventos do calend\u00e1rio de ver\u00e3o de Ilh\u00e9us, a festa da puxada do mastro de S\u00e3o Sebasti\u00e3o mais uma vez transcorreu em clima de tranquilidade. O evento cultura e tur\u00edstico, que acontece todos os anos no segundo domingo de janeiro, \u00e9 realizado pela Prefeitura de Ilh\u00e9us, atrav\u00e9s das secretarias de Turismo, Sa\u00fade, Cultura [&hellip;]<\/p>\n","protected":false},"author":2,"featured_media":0,"comment_status":"open","ping_status":"open","sticky":false,"template":"","format":"standard","meta":{"_links_to":"","_links_to_target":""},"categories":[23],"tags":[],"_links":{"self":[{"href":"https:\/\/www.r2cpress.com.br\/v1\/wp-json\/wp\/v2\/posts\/90379"}],"collection":[{"href":"https:\/\/www.r2cpress.com.br\/v1\/wp-json\/wp\/v2\/posts"}],"about":[{"href":"https:\/\/www.r2cpress.com.br\/v1\/wp-json\/wp\/v2\/types\/post"}],"author":[{"embeddable":true,"href":"https:\/\/www.r2cpress.com.br\/v1\/wp-json\/wp\/v2\/users\/2"}],"replies":[{"embeddable":true,"href":"https:\/\/www.r2cpress.com.br\/v1\/wp-json\/wp\/v2\/comments?post=90379"}],"version-history":[{"count":2,"href":"https:\/\/www.r2cpress.com.br\/v1\/wp-json\/wp\/v2\/posts\/90379\/revisions"}],"predecessor-version":[{"id":90382,"href":"https:\/\/www.r2cpress.com.br\/v1\/wp-json\/wp\/v2\/posts\/90379\/revisions\/90382"}],"wp:attachment":[{"href":"https:\/\/www.r2cpress.com.br\/v1\/wp-json\/wp\/v2\/media?parent=90379"}],"wp:term":[{"taxonomy":"category","embeddable":true,"href":"https:\/\/www.r2cpress.com.br\/v1\/wp-json\/wp\/v2\/categories?post=90379"},{"taxonomy":"post_tag","embeddable":true,"href":"https:\/\/www.r2cpress.com.br\/v1\/wp-json\/wp\/v2\/tags?post=90379"}],"curies":[{"name":"wp","href":"https:\/\/api.w.org\/{rel}","templated":true}]}}