{"id":90475,"date":"2015-01-16T20:00:01","date_gmt":"2015-01-16T23:00:01","guid":{"rendered":"http:\/\/www.r2cpress.com.br\/v1\/?p=90475"},"modified":"2015-01-15T22:27:33","modified_gmt":"2015-01-16T01:27:33","slug":"do-fundo-do-bau-de-jose-leite-185","status":"publish","type":"post","link":"https:\/\/www.r2cpress.com.br\/v1\/2015\/01\/16\/do-fundo-do-bau-de-jose-leite-185\/","title":{"rendered":"DO FUNDO DO BA\u00da DE JOS\u00c9 LEITE"},"content":{"rendered":"<p><center><img loading=\"lazy\" src=\"http:\/\/www.r2cpress.com.br\/v1\/wp-content\/uploads\/Novo-visual-do-Bau_400L21.jpg\" width=\"400\" height=\"320\" class=\"aligncenter\" \/><br \/>\n<strong>1)\tSEMPRE BEM ACOMPANHADO.<br \/>\n2)\tAS FOTOS DESTAQUES DA SEMANA.<\/strong><\/center><\/p>\n<p><!--more--><\/p>\n<p><b><center>******************************************************************<\/center><\/b><\/p>\n<p><b><center>1 \u2013 SEMPRE BEM ACOMPANHADO<\/center><\/b><\/p>\n<p>Na companhia de ANTONIO PAG\u00c9S ex. Diretor Internacional do BARCELONA.<br \/>\nQuem \u00e9 ANTONIO PAG\u00c9S? Um mega empres\u00e1rio espanhol nascido em FIGUEIRAS, cidade natal do famoso pintor SALVADOR DALI.<\/p>\n<div style=\"width: 610px\" class=\"wp-caption aligncenter\"><img loading=\"lazy\" src=\"https:\/\/lh3.googleusercontent.com\/-abU32FZr7RQ\/VLhjY5XHCQI\/AAAAAAABjCM\/4n1z0XLpeU8\/s600\/1.jpeg\" width=\"600\" height=\"436\" class \/><p class=\"wp-caption-text\">ANTONIO PAG\u00c9S cumprimentando seu amigo JOS\u00c9 LEITE. Os dois passeando numa mega lancha na Baia da ILHA DE IBIZA, ESPANHA.<\/p><\/div>\n<div style=\"width: 610px\" class=\"wp-caption aligncenter\"><img loading=\"lazy\" src=\"https:\/\/lh6.googleusercontent.com\/-ue5EYdkKnmA\/VLhjb2dCRxI\/AAAAAAABjC8\/qdbj7EbWl5o\/s600\/2.jpeg\" width=\"600\" height=\"496\" class \/><p class=\"wp-caption-text\">ANTONIO PAG\u00c9S cumprimentando o PAPA JO\u00c3O PAULO II.<\/p><\/div>\n<div style=\"width: 343px\" class=\"wp-caption aligncenter\"><img loading=\"lazy\" src=\"https:\/\/lh3.googleusercontent.com\/-CJSmwQaIkNo\/VLhjcVzdedI\/AAAAAAABjDc\/2wijBbsS3Kk\/s500\/3.jpeg\" width=\"333\" height=\"500\" class \/><p class=\"wp-caption-text\">ANTONIO PAG\u00c9S cumprimentando o seu amigo e conterr\u00e2neo, o pintor SALVADOR DALI.<\/p><\/div>\n<div style=\"width: 610px\" class=\"wp-caption aligncenter\"><img loading=\"lazy\" src=\"https:\/\/lh3.googleusercontent.com\/-UDq0c0b1AgY\/VLhjc6RfgpI\/AAAAAAABjDM\/yj9K9phj0l8\/s600\/4.jpeg\" width=\"600\" height=\"461\" class \/><p class=\"wp-caption-text\">ANTONIO PAG\u00c9S cumprimentando o Rei da ESPANHA, JUAN CARLOS.<\/p><\/div>\n<div style=\"width: 352px\" class=\"wp-caption aligncenter\"><img loading=\"lazy\" src=\"https:\/\/lh4.googleusercontent.com\/-ONPtyJ3iDWo\/VLhjdTMW_8I\/AAAAAAABjDQ\/1z1AroUYpPg\/s500\/5.jpeg\" width=\"342\" height=\"500\" class \/><p class=\"wp-caption-text\">Outra foto de ANTONIO PAG\u00c9S com SALVADOR DALI. Observe na foto o aut\u00f3grafo do pintor.<\/p><\/div>\n<div style=\"width: 610px\" class=\"wp-caption aligncenter\"><img loading=\"lazy\" src=\"https:\/\/lh5.googleusercontent.com\/--hRekd9l0kc\/VLhjd6ZF5sI\/AAAAAAABjD0\/so3AI3TL6C0\/s600\/6.jpeg\" width=\"600\" height=\"438\" class \/><p class=\"wp-caption-text\">JOS\u00c9 LEITE e o ex. Presidente do BARCELONA, JOS\u00c9 LUIZ NU\u00d1ES, foi Presidente do BARCELONA por 18 anos.<\/p><\/div>\n<div style=\"width: 610px\" class=\"wp-caption aligncenter\"><img loading=\"lazy\" src=\"https:\/\/lh4.googleusercontent.com\/-z1k7fxhDwsU\/VLhjeeTywwI\/AAAAAAABjDo\/EOxvVoqXChs\/s600\/7.jpeg\" width=\"600\" height=\"419\" class \/><p class=\"wp-caption-text\">JOS\u00c9 LEITE de frente ao MUSEU SALVADOR DALI em FIGUEIRAS na ESPANHA.<\/p><\/div>\n<div style=\"width: 610px\" class=\"wp-caption aligncenter\"><img loading=\"lazy\" src=\"https:\/\/lh5.googleusercontent.com\/-FG01KKwXPVM\/VLhjemoyTTI\/AAAAAAABjDw\/yy8SzqenLgk\/s600\/8.jpeg\" width=\"600\" height=\"386\" class \/><p class=\"wp-caption-text\">Foto da Baia de IBIZA, vendo-se ao fundo a parte antiga da ILHA. (Foto clicada por JOS\u00c9 LEITE do apartamento de ANTONIO PAG\u00c9S).<\/p><\/div>\n<div style=\"width: 610px\" class=\"wp-caption aligncenter\"><img loading=\"lazy\" src=\"https:\/\/lh4.googleusercontent.com\/-TtPBvYpKpp8\/VLhjfK5LPMI\/AAAAAAABjDs\/oyTzcw8yhDE\/s600\/9.jpeg\" width=\"600\" height=\"434\" class \/><p class=\"wp-caption-text\">E agora que ningu\u00e9m \u00e9 de ferro. JOS\u00c9 LEITE vai descansar na Su\u00edte da Lancha do seu amigo ANTONIO PAG\u00c9S. (Como dizia o saudoso colunista carioca IBRAHIM SUED; SORRI PERIFERIA. Rsrsrs).<\/p><\/div>\n<p><b><center>2 &#8211; AS FOTOS DESTAQUES DA SEMANA<\/center><\/b><\/p>\n<div style=\"width: 610px\" class=\"wp-caption aligncenter\"><img loading=\"lazy\" src=\"https:\/\/lh3.googleusercontent.com\/-8uhC-Vmtma8\/VLhjY_xLA1I\/AAAAAAABjCU\/3mS8UDKEavQ\/s600\/10.jpeg\" width=\"600\" height=\"439\" class \/><p class=\"wp-caption-text\">JOS\u00c9 LEITE ladeado pelos amigos JOS\u00c9 RAIMUNDO (Diretor da ODEBRECHT) lado esquerdo e o Ilheense General LUIZ MOURA BARRETO.<br \/>\nFELIZ ANO NOVO PARA OS DOIS!<br \/><\/p><\/div>\n<div style=\"width: 374px\" class=\"wp-caption aligncenter\"><img loading=\"lazy\" src=\"https:\/\/lh4.googleusercontent.com\/-31RwpnywK5E\/VLhjZDdP0WI\/AAAAAAABjCY\/2_dUTsZiUQc\/s500\/11.jpeg\" width=\"364\" height=\"500\" class \/><p class=\"wp-caption-text\">JOS\u00c9 LEITE sempre bem acompanhado, com uma modelo internacional numa solenidade social na ILHA PARADIS\u00cdACA de IBIZA.<\/p><\/div>\n<div style=\"width: 351px\" class=\"wp-caption aligncenter\"><img loading=\"lazy\" src=\"https:\/\/lh5.googleusercontent.com\/-iZQH0zMk6lE\/VLhjZ0c9srI\/AAAAAAABjCc\/yFwmyUkQgEk\/s500\/12.jpeg\" width=\"341\" height=\"500\" class \/><p class=\"wp-caption-text\">JOS\u00c9 LEITE com o propriet\u00e1rio do famoso Restaurante \u201cFARTA BRUTUS\u201d no Bairro Alto em LISBOA \u2013 PORTUGAL. Nesse restaurante al\u00e9m de servir um dos melhores pratos de Bacalhau, tem um mural com fotos de muitas personalidades internacionais de destaque que j\u00e1 frequentaram aquele lugar. S\u00f3 falta agora a de JOS\u00c9 LEITE. Rsrs.<\/p><\/div>\n<div style=\"width: 610px\" class=\"wp-caption aligncenter\"><img loading=\"lazy\" src=\"https:\/\/lh4.googleusercontent.com\/-V7cj5P264hU\/VLhjabW2okI\/AAAAAAABjCo\/4wnQa2qpntQ\/s600\/13.jpeg\" width=\"600\" height=\"483\" class \/><p class=\"wp-caption-text\">JOS\u00c9 LEITE acompanhado do Bispo da Diocese do CRATO-CEAR\u00c1, DOM FERNANDO PANICO e o ex. GOVERNADOR do CEAR\u00c1, L\u00daCIO ALC\u00c2NTARA em ROMA.<\/p><\/div>\n<div style=\"width: 610px\" class=\"wp-caption aligncenter\"><img loading=\"lazy\" src=\"https:\/\/lh3.googleusercontent.com\/-kQbkuen5hOQ\/VLhja-kjH1I\/AAAAAAABjCw\/gn57SmNI_ZU\/s600\/14.jpeg\" width=\"600\" height=\"388\" class \/><p class=\"wp-caption-text\">JOS\u00c9 LEITE com DIDI e DED\u00c9. Meu conterr\u00e2neo RENATO ARAG\u00c3O comemorou 80 anos na \u00faltima ter\u00e7a-feira (13-01-2015). (Foto: no gin\u00e1sio de esportes HERVAL SOLEDADE ano 1979).<\/p><\/div>\n<p><b><center>E NO MAIS&#8230; <\/center><\/b><\/p>\n<div style=\"width: 610px\" class=\"wp-caption aligncenter\"><img loading=\"lazy\" src=\"https:\/\/lh5.googleusercontent.com\/-gxggogBpY_g\/VLhjbboLoeI\/AAAAAAABjC4\/Pa9D7_fzJb4\/s600\/15%2520J%2520.jpg\" width=\"600\" height=\"422\" class \/><p class=\"wp-caption-text\">E para nunca perder as Tradi\u00e7\u00f5es Nordestinas, esse final de semana estarei lendo o livrinho de cordel: PELEJA DO CEGO ADERALDO COM Z\u00c9 PRETINHO DE TUCUM.<\/p><\/div>\n<p>&#8212;<br \/>\n<span style=\"color: blue;\"><b>Para ver o BA\u00da da semana passada clique<\/b><a href=\"http:\/\/www.r2cpress.com.br\/v1\/2015\/01\/09\/do-fundo-do-bau-de-jose-leite-184\/\" target=\"_news\"><b> AQUI.<\/b><\/a><\/span><\/p>\n<p>&#8212;<br \/>\nTexto e fotos: Jos\u00e9 Leite de Souza<br \/>\njleitesouza@hotmail.com<br \/>\n(73) 3634-3134 <\/p>\n","protected":false},"excerpt":{"rendered":"<p>1) SEMPRE BEM ACOMPANHADO. 2) AS FOTOS DESTAQUES DA SEMANA.<\/p>\n","protected":false},"author":2,"featured_media":0,"comment_status":"open","ping_status":"open","sticky":false,"template":"","format":"standard","meta":{"_links_to":"","_links_to_target":""},"categories":[10],"tags":[],"_links":{"self":[{"href":"https:\/\/www.r2cpress.com.br\/v1\/wp-json\/wp\/v2\/posts\/90475"}],"collection":[{"href":"https:\/\/www.r2cpress.com.br\/v1\/wp-json\/wp\/v2\/posts"}],"about":[{"href":"https:\/\/www.r2cpress.com.br\/v1\/wp-json\/wp\/v2\/types\/post"}],"author":[{"embeddable":true,"href":"https:\/\/www.r2cpress.com.br\/v1\/wp-json\/wp\/v2\/users\/2"}],"replies":[{"embeddable":true,"href":"https:\/\/www.r2cpress.com.br\/v1\/wp-json\/wp\/v2\/comments?post=90475"}],"version-history":[{"count":1,"href":"https:\/\/www.r2cpress.com.br\/v1\/wp-json\/wp\/v2\/posts\/90475\/revisions"}],"predecessor-version":[{"id":90476,"href":"https:\/\/www.r2cpress.com.br\/v1\/wp-json\/wp\/v2\/posts\/90475\/revisions\/90476"}],"wp:attachment":[{"href":"https:\/\/www.r2cpress.com.br\/v1\/wp-json\/wp\/v2\/media?parent=90475"}],"wp:term":[{"taxonomy":"category","embeddable":true,"href":"https:\/\/www.r2cpress.com.br\/v1\/wp-json\/wp\/v2\/categories?post=90475"},{"taxonomy":"post_tag","embeddable":true,"href":"https:\/\/www.r2cpress.com.br\/v1\/wp-json\/wp\/v2\/tags?post=90475"}],"curies":[{"name":"wp","href":"https:\/\/api.w.org\/{rel}","templated":true}]}}