{"id":90498,"date":"2015-01-16T18:56:32","date_gmt":"2015-01-16T21:56:32","guid":{"rendered":"http:\/\/www.r2cpress.com.br\/v1\/?p=90498"},"modified":"2015-01-16T18:56:32","modified_gmt":"2015-01-16T21:56:32","slug":"prefeitura-de-ilheus-apoia-projeto-verao-na-praia-do-sul","status":"publish","type":"post","link":"https:\/\/www.r2cpress.com.br\/v1\/2015\/01\/16\/prefeitura-de-ilheus-apoia-projeto-verao-na-praia-do-sul\/","title":{"rendered":"Prefeitura de Ilh\u00e9us apoia\u00a0Projeto Ver\u00e3o na Praia do Sul"},"content":{"rendered":"<p><em>TV Cabr\u00e1lia tem apoio da PMI para promover a\u00e7\u00f5es de entretenimento na Cabana Gabriela durante os domingos de janeiro<\/em><\/p>\n<div id=\"attachment_90499\" style=\"width: 560px\" class=\"wp-caption aligncenter\"><a href=\"http:\/\/www.r2cpress.com.br\/v1\/wp-content\/uploads\/2015\/01\/O-Projeto-Ver\u00e3o-\u00e9-uma-realiza\u00e7\u00e3o-da-TV-Record-Cabr\u00e1lia-e-R\u00e1dio-Gabriela-FM-com-a-parceria-da-Prefeitura-de-Ilh\u00e9us-Foto.jpg\"><img aria-describedby=\"caption-attachment-90499\" loading=\"lazy\" class=\"size-full wp-image-90499\" src=\"http:\/\/www.r2cpress.com.br\/v1\/wp-content\/uploads\/2015\/01\/O-Projeto-Ver\u00e3o-\u00e9-uma-realiza\u00e7\u00e3o-da-TV-Record-Cabr\u00e1lia-e-R\u00e1dio-Gabriela-FM-com-a-parceria-da-Prefeitura-de-Ilh\u00e9us-Foto.jpg\" alt=\"O Projeto Ver\u00e3o \u00e9 uma realiza\u00e7\u00e3o da TV Record Cabr\u00e1lia e R\u00e1dio Gabriela FM, com a parceria da Prefeitura de Ilh\u00e9us -Foto\" width=\"550\" height=\"413\" srcset=\"https:\/\/www.r2cpress.com.br\/v1\/wp-content\/uploads\/2015\/01\/O-Projeto-Ver\u00e3o-\u00e9-uma-realiza\u00e7\u00e3o-da-TV-Record-Cabr\u00e1lia-e-R\u00e1dio-Gabriela-FM-com-a-parceria-da-Prefeitura-de-Ilh\u00e9us-Foto.jpg 550w, https:\/\/www.r2cpress.com.br\/v1\/wp-content\/uploads\/2015\/01\/O-Projeto-Ver\u00e3o-\u00e9-uma-realiza\u00e7\u00e3o-da-TV-Record-Cabr\u00e1lia-e-R\u00e1dio-Gabriela-FM-com-a-parceria-da-Prefeitura-de-Ilh\u00e9us-Foto-300x225.jpg 300w\" sizes=\"(max-width: 550px) 100vw, 550px\" \/><\/a><p id=\"caption-attachment-90499\" class=\"wp-caption-text\">O Projeto Ver\u00e3o \u00e9 uma realiza\u00e7\u00e3o da TV Record Cabr\u00e1lia e R\u00e1dio Gabriela FM, com a parceria da Prefeitura de Ilh\u00e9us -Foto Tv Cabr\u00e1lia\/Record.<\/p><\/div>\n<p>A TV Record Cabr\u00e1lia conta com a parceria da Prefeitura Municipal de Ilh\u00e9us para animar ainda mais o ver\u00e3o de ilheenses e turistas que circulam nas praias da cidade nesta alta temporada. Todos os domingos do m\u00eas de janeiro s\u00e3o agitados com atra\u00e7\u00f5es musicais, atividades radicais,\u00a0esportes e brincadeiras em uma arena montada junto \u00e0 Cabana Gabriela, na Praia dos Milion\u00e1rios, litoral sul, como ocorreu no \u00faltimo dia 11.<\/p>\n<p>Centenas de pessoas, entre adultos e crian\u00e7as, participaram do primeiro dia de a\u00e7\u00e3o do Projeto e tiveram a oportunidade de se exercitar com aulas de gin\u00e1stica e dan\u00e7a zumba fitness, sob o comando dos professores Marcus Mucug\u00ea e Marcelo Zumba Zim. A pr\u00f3xima edi\u00e7\u00e3o acontece no pr\u00f3ximo domingo, dia 18, a partir das 10 horas.<\/p>\n<p>O Projeto Ver\u00e3o \u00e9 uma realiza\u00e7\u00e3o da TV Record Cabr\u00e1lia e R\u00e1dio Gabriela FM, com a parceria da Prefeitura de Ilh\u00e9us, atrav\u00e9s das secretarias municipais de Turismo e de Comunica\u00e7\u00e3o, e apoio da Cidadelle e Faculdade de Ilh\u00e9us. O evento promove o lazer e a integra\u00e7\u00e3o entre nativos e turistas e a participa\u00e7\u00e3o de artistas da m\u00fasica e professores de educa\u00e7\u00e3o f\u00edsica.<\/p>\n<p>A iniciativa ser\u00e1 realizada tamb\u00e9m nos dias 25 de janeiro e primeiro de fevereiro. Segundo o Secret\u00e1rio de Turismo, Paulo Atto, o projeto enriquece a programa\u00e7\u00e3o de ver\u00e3o de Ilh\u00e9us, per\u00edodo em que a cidade recebe milhares de visitantes.<\/p>\n<p>&#8212;<\/p>\n<p><strong>Secretaria de Comunica\u00e7\u00e3o Social \u2013 Secom<\/strong><\/p>\n","protected":false},"excerpt":{"rendered":"<p>TV Cabr\u00e1lia tem apoio da PMI para promover a\u00e7\u00f5es de entretenimento na Cabana Gabriela durante os domingos de janeiro A TV Record Cabr\u00e1lia conta com a parceria da Prefeitura Municipal de Ilh\u00e9us para animar ainda mais o ver\u00e3o de ilheenses e turistas que circulam nas praias da cidade nesta alta temporada. Todos os domingos do [&hellip;]<\/p>\n","protected":false},"author":2,"featured_media":0,"comment_status":"open","ping_status":"open","sticky":false,"template":"","format":"standard","meta":{"_links_to":"","_links_to_target":""},"categories":[23],"tags":[],"_links":{"self":[{"href":"https:\/\/www.r2cpress.com.br\/v1\/wp-json\/wp\/v2\/posts\/90498"}],"collection":[{"href":"https:\/\/www.r2cpress.com.br\/v1\/wp-json\/wp\/v2\/posts"}],"about":[{"href":"https:\/\/www.r2cpress.com.br\/v1\/wp-json\/wp\/v2\/types\/post"}],"author":[{"embeddable":true,"href":"https:\/\/www.r2cpress.com.br\/v1\/wp-json\/wp\/v2\/users\/2"}],"replies":[{"embeddable":true,"href":"https:\/\/www.r2cpress.com.br\/v1\/wp-json\/wp\/v2\/comments?post=90498"}],"version-history":[{"count":1,"href":"https:\/\/www.r2cpress.com.br\/v1\/wp-json\/wp\/v2\/posts\/90498\/revisions"}],"predecessor-version":[{"id":90500,"href":"https:\/\/www.r2cpress.com.br\/v1\/wp-json\/wp\/v2\/posts\/90498\/revisions\/90500"}],"wp:attachment":[{"href":"https:\/\/www.r2cpress.com.br\/v1\/wp-json\/wp\/v2\/media?parent=90498"}],"wp:term":[{"taxonomy":"category","embeddable":true,"href":"https:\/\/www.r2cpress.com.br\/v1\/wp-json\/wp\/v2\/categories?post=90498"},{"taxonomy":"post_tag","embeddable":true,"href":"https:\/\/www.r2cpress.com.br\/v1\/wp-json\/wp\/v2\/tags?post=90498"}],"curies":[{"name":"wp","href":"https:\/\/api.w.org\/{rel}","templated":true}]}}