{"id":90590,"date":"2015-01-20T09:58:15","date_gmt":"2015-01-20T12:58:15","guid":{"rendered":"http:\/\/www.r2cpress.com.br\/v1\/?p=90590"},"modified":"2015-01-20T09:58:15","modified_gmt":"2015-01-20T12:58:15","slug":"o-contador-de-historia","status":"publish","type":"post","link":"https:\/\/www.r2cpress.com.br\/v1\/2015\/01\/20\/o-contador-de-historia\/","title":{"rendered":"O CONTADOR DE HIST\u00d3RIA"},"content":{"rendered":"<div id=\"attachment_90591\" style=\"width: 560px\" class=\"wp-caption aligncenter\"><a href=\"http:\/\/www.r2cpress.com.br\/v1\/wp-content\/uploads\/2015\/01\/contador-de-hist\u00f3ria.jpg\"><img aria-describedby=\"caption-attachment-90591\" loading=\"lazy\" class=\"size-full wp-image-90591\" src=\"http:\/\/www.r2cpress.com.br\/v1\/wp-content\/uploads\/2015\/01\/contador-de-hist\u00f3ria.jpg\" alt=\"Sei ...\" width=\"550\" height=\"381\" srcset=\"https:\/\/www.r2cpress.com.br\/v1\/wp-content\/uploads\/2015\/01\/contador-de-hist\u00f3ria.jpg 550w, https:\/\/www.r2cpress.com.br\/v1\/wp-content\/uploads\/2015\/01\/contador-de-hist\u00f3ria-300x207.jpg 300w\" sizes=\"(max-width: 550px) 100vw, 550px\" \/><\/a><p id=\"caption-attachment-90591\" class=\"wp-caption-text\">Sei &#8230;<\/p><\/div>\n<p><img loading=\"lazy\" class=\"alignright\" src=\"http:\/\/www.r2cpress.com.br\/v1\/wp-content\/uploads\/zecarlos-r2cpress_reduzida.jpg\" alt=\"\" width=\"300\" height=\"207\" \/>Estamos j\u00e1 em 2015 e n\u00e3o \u00e9 que bateu uma saudade danada do nosso contador de hist\u00f3ria?<\/p>\n<p>No Aur\u00e9lio existem v\u00e1rias interpreta\u00e7\u00f5es sobre a palavra hist\u00f3ria, depois de tanto ler e refletir, escolhi duas lindas vers\u00f5es: <strong>patranha<\/strong> e <strong>lorota<\/strong>, tudo que cabe no intelecto do nosso contador de hist\u00f3ria.<\/p>\n<p>Os dois anos que passaram foram f\u00e9rteis em divulga\u00e7\u00e3o de grandes e relevantes projetos, com direito a musiquinha com refr\u00e3o e tudo, f\u00e1cil de compor, f\u00e1cil de espalhar pelos quatro cantos do mundo.<\/p>\n<p>O neg\u00f3cio foi t\u00e3o encantador que os mais afoitos, <strong>ainda bem que s\u00e3o<\/strong> <strong>pouqu\u00edssimos<\/strong>, declararam que a cidade foi transformada, que a cidade de Ilh\u00e9us era outra ap\u00f3s a passagem do tsunami e que o nosso contador de hist\u00f3ria era o homem al\u00e9m do seu tempo, e uma futura reelei\u00e7\u00e3o poderia pintar na \u00e1rea ou at\u00e9 uma secretaria de estado seria de bom tamanho. \u00c9 mole ou quer mais?<\/p>\n<p>Estas transloucadas declara\u00e7\u00f5es s\u00e3o combust\u00edveis suficientes para deixar o ego de qualquer ser humano abastecido por um bom tempo.<\/p>\n<p>Chegamos ao fim do segundo ano de mandato, entrada de ano com not\u00edcias desagrad\u00e1veis, sem dinheiro para investir no turismo, os problemas administrativos da prefeitura sendo contestado por toda a popula\u00e7\u00e3o, cobran\u00e7as sobre o grave problema do lixo, dos buracos, do tr\u00e2nsito, da sa\u00fade, das promessas n\u00e3o cumpridas, da passividade dos nossos gloriosos edis, enfim, uma confus\u00e3o que levou o nosso contador de hist\u00f3ria a se recolher estrategicamente nesse in\u00edcio de ano, alguns dizem que tirou f\u00e9rias, outros dizem que viajou pra Europa, o certo \u00e9 que ficamos \u00f3rf\u00e3os das delirantes hist\u00f3rias.<\/p>\n<p><!--more--><\/p>\n<p>Realmente deve ser muito chato para um artista ficar sem inspira\u00e7\u00e3o para contar seus causos, suas bravatas, suas hist\u00f3rias cheias de otimismo e certeza de realiza\u00e7\u00e3o.<\/p>\n<p>A aposta da agenda oficial fechou o ano com <strong>VINTE E SEIS<\/strong> indica\u00e7\u00f5es de projetos, que deixariam a nossa bela e sofrida cidade em estado de puro canteiro de obras.<\/p>\n<p>Mas teve a virada do ano e ningu\u00e9m esperava que viessem tantas surpresas de uma hora pra outra, e melasse o otimismo do nosso contador de hist\u00f3ria.<\/p>\n<p>Todos foram pegos de cal\u00e7as na m\u00e3o, sem saber agora como consertar o que foi t\u00e3o amplamente divulgado e que posi\u00e7\u00e3o adotar para mudar ou criar um novo discurso, uma nova hist\u00f3ria.<\/p>\n<p>Mas o nosso homem n\u00e3o \u00e9 de jogar a toalha por besteira, o seu retorno com certeza ser\u00e1 com uma nova e ousada hist\u00f3ria, em grande estilo, isso n\u00e3o tenho a menor d\u00favida.<\/p>\n<p>Portanto, vamos todos aguardar o que vem por a\u00ed no m\u00eas de fevereiro, acho que \u00e9 o carnaval, acho que s\u00e3o os feriados da Semana Santa, sei l\u00e1, acho que \u00e9 alguma coisa, mas que seja realmente boa para Ilh\u00e9us.<\/p>\n<p>Ironias \u00e0 parte, ainda sonho em ver esta cidade tomando outro rumo, em dire\u00e7\u00e3o ao desenvolvimento, com mobilidade urbana, com gera\u00e7\u00e3o de emprego, sem lixo, sem buracos, tr\u00e2nsito ordenado, sa\u00fade plena.<\/p>\n<p>Utopia um cacete! Quero sim tudo isso. E quem n\u00e3o quer?<\/p>\n<p>Obrigado!!! Com licen\u00e7a!!!<\/p>\n<p>&nbsp;<\/p>\n<p><strong>Z\u00c9CARLOS JUNIOR<\/strong><\/p>\n","protected":false},"excerpt":{"rendered":"<p>Estamos j\u00e1 em 2015 e n\u00e3o \u00e9 que bateu uma saudade danada do nosso contador de hist\u00f3ria? No Aur\u00e9lio existem v\u00e1rias interpreta\u00e7\u00f5es sobre a palavra hist\u00f3ria, depois de tanto ler e refletir, escolhi duas lindas vers\u00f5es: patranha e lorota, tudo que cabe no intelecto do nosso contador de hist\u00f3ria. Os dois anos que passaram foram [&hellip;]<\/p>\n","protected":false},"author":2,"featured_media":0,"comment_status":"open","ping_status":"open","sticky":false,"template":"","format":"standard","meta":{"_links_to":"","_links_to_target":""},"categories":[10],"tags":[],"_links":{"self":[{"href":"https:\/\/www.r2cpress.com.br\/v1\/wp-json\/wp\/v2\/posts\/90590"}],"collection":[{"href":"https:\/\/www.r2cpress.com.br\/v1\/wp-json\/wp\/v2\/posts"}],"about":[{"href":"https:\/\/www.r2cpress.com.br\/v1\/wp-json\/wp\/v2\/types\/post"}],"author":[{"embeddable":true,"href":"https:\/\/www.r2cpress.com.br\/v1\/wp-json\/wp\/v2\/users\/2"}],"replies":[{"embeddable":true,"href":"https:\/\/www.r2cpress.com.br\/v1\/wp-json\/wp\/v2\/comments?post=90590"}],"version-history":[{"count":2,"href":"https:\/\/www.r2cpress.com.br\/v1\/wp-json\/wp\/v2\/posts\/90590\/revisions"}],"predecessor-version":[{"id":90593,"href":"https:\/\/www.r2cpress.com.br\/v1\/wp-json\/wp\/v2\/posts\/90590\/revisions\/90593"}],"wp:attachment":[{"href":"https:\/\/www.r2cpress.com.br\/v1\/wp-json\/wp\/v2\/media?parent=90590"}],"wp:term":[{"taxonomy":"category","embeddable":true,"href":"https:\/\/www.r2cpress.com.br\/v1\/wp-json\/wp\/v2\/categories?post=90590"},{"taxonomy":"post_tag","embeddable":true,"href":"https:\/\/www.r2cpress.com.br\/v1\/wp-json\/wp\/v2\/tags?post=90590"}],"curies":[{"name":"wp","href":"https:\/\/api.w.org\/{rel}","templated":true}]}}