{"id":90689,"date":"2015-01-22T12:52:12","date_gmt":"2015-01-22T15:52:12","guid":{"rendered":"http:\/\/www.r2cpress.com.br\/v1\/?p=90689"},"modified":"2015-01-22T12:52:13","modified_gmt":"2015-01-22T15:52:13","slug":"comandante-geral-da-pm-se-reune-com-gestores-de-unidades-operacionais-em-ilheus","status":"publish","type":"post","link":"https:\/\/www.r2cpress.com.br\/v1\/2015\/01\/22\/comandante-geral-da-pm-se-reune-com-gestores-de-unidades-operacionais-em-ilheus\/","title":{"rendered":"Comandante geral da PM se re\u00fane com gestores de unidades operacionais em Ilh\u00e9us"},"content":{"rendered":"<p style=\"text-align: center;\"><strong><span style=\"color: #000000;\">POL\u00cdCIA MILITAR DA BAHIA<\/span><\/strong><\/p>\n<p style=\"text-align: center;\"><strong><span style=\"color: #000000;\">DEPARTAMENTO DE COMUNICA\u00c7\u00c3O SOCIAL<\/span><\/strong><\/p>\n<p style=\"text-align: center;\"><strong><span style=\"color: #000000;\">UNIDADE DE IMPRENSA E TELEM\u00c1TICA<\/span><\/strong><\/p>\n<p>O comandante geral da Pol\u00edcia Militar da Bahia, coronel Anselmo Brand\u00e3o, realiza nesta sexta-feira (23), \u00e0s 14h30, no audit\u00f3rio do Hotel Aldeias da Praia, em Ilh\u00e9us, uma reuni\u00e3o com os comandantes das unidades operacionais do Comando de Policiamento da Regi\u00e3o Sul.<\/p>\n<p>Na pauta, ser\u00e3o tratadas as mudan\u00e7as do emprego policial nas ruas, estrat\u00e9gias no enfrentamento aos assaltos a bancos e explos\u00f5es de caixas eletr\u00f4nicos, fortalecimento das a\u00e7\u00f5es de pol\u00edcia comunit\u00e1ria e atua\u00e7\u00e3o das corregedorias.<\/p>\n<p><strong>\u00c0s 15h<\/strong>, o coronel Anselmo Brand\u00e3o atender\u00e1 a imprensa local em outra sala do hotel durante 30 minutos para apresentar novo modelo de gest\u00e3o da PMBA, e em seguida retomar\u00e1 a reuni\u00e3o.<\/p>\n<p><strong>SERVI\u00c7O<\/strong><\/p>\n<p>O que? &#8211; Reuni\u00e3o com os comandantes das unidades da Regi\u00e3o Sul, \u00e0s 14h30.\u00a0 &#8211; Atendimento \u00e0 imprensa \u2013 15h<\/p>\n<p>Quando? Sexta-feira (23\/1).<\/p>\n<p>Onde? Hotel Aldeias da Praia, na Avenida Tancredo Neves, s\/n\u00ba, KM 04, Jardim Atl\u00e2ntico, Ilh\u00e9us.<\/p>\n<p>CONTATO: Capit\u00e3o Bruno Ramos (9975-1598), porta voz da PM.<\/p>\n","protected":false},"excerpt":{"rendered":"<p>POL\u00cdCIA MILITAR DA BAHIA DEPARTAMENTO DE COMUNICA\u00c7\u00c3O SOCIAL UNIDADE DE IMPRENSA E TELEM\u00c1TICA O comandante geral da Pol\u00edcia Militar da Bahia, coronel Anselmo Brand\u00e3o, realiza nesta sexta-feira (23), \u00e0s 14h30, no audit\u00f3rio do Hotel Aldeias da Praia, em Ilh\u00e9us, uma reuni\u00e3o com os comandantes das unidades operacionais do Comando de Policiamento da Regi\u00e3o Sul. Na [&hellip;]<\/p>\n","protected":false},"author":2,"featured_media":0,"comment_status":"open","ping_status":"open","sticky":false,"template":"","format":"standard","meta":{"_links_to":"","_links_to_target":""},"categories":[29,25],"tags":[],"_links":{"self":[{"href":"https:\/\/www.r2cpress.com.br\/v1\/wp-json\/wp\/v2\/posts\/90689"}],"collection":[{"href":"https:\/\/www.r2cpress.com.br\/v1\/wp-json\/wp\/v2\/posts"}],"about":[{"href":"https:\/\/www.r2cpress.com.br\/v1\/wp-json\/wp\/v2\/types\/post"}],"author":[{"embeddable":true,"href":"https:\/\/www.r2cpress.com.br\/v1\/wp-json\/wp\/v2\/users\/2"}],"replies":[{"embeddable":true,"href":"https:\/\/www.r2cpress.com.br\/v1\/wp-json\/wp\/v2\/comments?post=90689"}],"version-history":[{"count":3,"href":"https:\/\/www.r2cpress.com.br\/v1\/wp-json\/wp\/v2\/posts\/90689\/revisions"}],"predecessor-version":[{"id":90692,"href":"https:\/\/www.r2cpress.com.br\/v1\/wp-json\/wp\/v2\/posts\/90689\/revisions\/90692"}],"wp:attachment":[{"href":"https:\/\/www.r2cpress.com.br\/v1\/wp-json\/wp\/v2\/media?parent=90689"}],"wp:term":[{"taxonomy":"category","embeddable":true,"href":"https:\/\/www.r2cpress.com.br\/v1\/wp-json\/wp\/v2\/categories?post=90689"},{"taxonomy":"post_tag","embeddable":true,"href":"https:\/\/www.r2cpress.com.br\/v1\/wp-json\/wp\/v2\/tags?post=90689"}],"curies":[{"name":"wp","href":"https:\/\/api.w.org\/{rel}","templated":true}]}}