{"id":90721,"date":"2015-01-23T19:37:15","date_gmt":"2015-01-23T22:37:15","guid":{"rendered":"http:\/\/www.r2cpress.com.br\/v1\/?p=90721"},"modified":"2015-01-23T19:37:15","modified_gmt":"2015-01-23T22:37:15","slug":"sistema-informatizado-da-prefeitura-de-ilheus-passa-por-manutencao","status":"publish","type":"post","link":"https:\/\/www.r2cpress.com.br\/v1\/2015\/01\/23\/sistema-informatizado-da-prefeitura-de-ilheus-passa-por-manutencao\/","title":{"rendered":"Sistema informatizado da Prefeitura de Ilh\u00e9us passa por manuten\u00e7\u00e3o"},"content":{"rendered":"<p align=\"center\"><strong><i>Sistema est\u00e1 sendo melhorado para atender \u00e0 demanda do munic\u00edpio, principalmente na \u00e1rea tribut\u00e1ria.<\/i><\/strong><\/p>\n<div id=\"attachment_90722\" style=\"width: 310px\" class=\"wp-caption alignright\"><a href=\"http:\/\/www.r2cpress.com.br\/v1\/wp-content\/uploads\/2015\/01\/Fernando-Fernandes-Filho-gerente-do-setor-tributo-foto-Gidelzo-Silva-Secom-Ilh\u00e9us-06.05.jpg\"><img aria-describedby=\"caption-attachment-90722\" loading=\"lazy\" class=\"size-full wp-image-90722\" src=\"http:\/\/www.r2cpress.com.br\/v1\/wp-content\/uploads\/2015\/01\/Fernando-Fernandes-Filho-gerente-do-setor-tributo-foto-Gidelzo-Silva-Secom-Ilh\u00e9us-06.05.jpg\" alt=\"Fernando Fernandes Filho- gerente do setor tributo-foto Gidelzo Silva Secom-Ilh\u00e9us.\" width=\"300\" height=\"318\" srcset=\"https:\/\/www.r2cpress.com.br\/v1\/wp-content\/uploads\/2015\/01\/Fernando-Fernandes-Filho-gerente-do-setor-tributo-foto-Gidelzo-Silva-Secom-Ilh\u00e9us-06.05.jpg 300w, https:\/\/www.r2cpress.com.br\/v1\/wp-content\/uploads\/2015\/01\/Fernando-Fernandes-Filho-gerente-do-setor-tributo-foto-Gidelzo-Silva-Secom-Ilh\u00e9us-06.05-283x300.jpg 283w\" sizes=\"(max-width: 300px) 100vw, 300px\" \/><\/a><p id=\"caption-attachment-90722\" class=\"wp-caption-text\">Fernando Fernandes Filho- gerente do setor tributo-foto Gidelzo Silva Secom-Ilh\u00e9us.<\/p><\/div>\n<p>A Secretaria Municipal da Fazenda (Sefaz) informa que, em virtude do grande n\u00famero de atendimentos aos contribuintes do munic\u00edpio, bem como da implanta\u00e7\u00e3o de novos procedimentos, como o protocolo eletr\u00f4nico e o sistema de emiss\u00e3o de documentos online, houve uma sobrecarga no servidor da Prefeitura de Ilh\u00e9us, fato que vem provocando, desde a \u00faltima segunda-feira\u00a0(19), a interrup\u00e7\u00e3o parcial do sistema.<\/p>\n<p>A Sefaz garante que j\u00e1 adotou as medidas necess\u00e1rias para sanar o problema, como a substitui\u00e7\u00e3o de v\u00e1rios equipamentos, que j\u00e1 devem come\u00e7ar a ser instalados nesta sexta-feira (23). \u201cCom isso, a previs\u00e3o \u00e9 de que na pr\u00f3xima segunda-feira, dia 26 de janeiro, j\u00e1 estejamos com o sistema inteiramente normalizado\u201d, afirma o gerente de Arrecada\u00e7\u00e3o Tribut\u00e1ria da Prefeitura de Ilh\u00e9us, Fernando Fernandes Filho.<\/p>\n<p>Ainda de acordo com Fernando Fernandes, essa sobrecarga foi ocasionada por novas a\u00e7\u00f5es e medidas que o governo ilheense vem executando para desburocratizar a presta\u00e7\u00e3o de servi\u00e7os. Na vis\u00e3o do gerente de Arrecada\u00e7\u00e3o Tribut\u00e1ria da Prefeitura Municipal, a estrat\u00e9gia possibilita um atendimento p\u00fablico mais \u00e1gil, eficiente e, sobretudo, marcado por uma maior transpar\u00eancia.<\/p>\n<p>&nbsp;<\/p>\n<p><b>Secret\u00e1ria de Comunica\u00e7\u00e3o Social \u00a0&#8211; Secom<\/b><\/p>\n","protected":false},"excerpt":{"rendered":"<p>Sistema est\u00e1 sendo melhorado para atender \u00e0 demanda do munic\u00edpio, principalmente na \u00e1rea tribut\u00e1ria. A Secretaria Municipal da Fazenda (Sefaz) informa que, em virtude do grande n\u00famero de atendimentos aos contribuintes do munic\u00edpio, bem como da implanta\u00e7\u00e3o de novos procedimentos, como o protocolo eletr\u00f4nico e o sistema de emiss\u00e3o de documentos online, houve uma sobrecarga [&hellip;]<\/p>\n","protected":false},"author":2,"featured_media":0,"comment_status":"open","ping_status":"open","sticky":false,"template":"","format":"standard","meta":{"_links_to":"","_links_to_target":""},"categories":[23],"tags":[],"_links":{"self":[{"href":"https:\/\/www.r2cpress.com.br\/v1\/wp-json\/wp\/v2\/posts\/90721"}],"collection":[{"href":"https:\/\/www.r2cpress.com.br\/v1\/wp-json\/wp\/v2\/posts"}],"about":[{"href":"https:\/\/www.r2cpress.com.br\/v1\/wp-json\/wp\/v2\/types\/post"}],"author":[{"embeddable":true,"href":"https:\/\/www.r2cpress.com.br\/v1\/wp-json\/wp\/v2\/users\/2"}],"replies":[{"embeddable":true,"href":"https:\/\/www.r2cpress.com.br\/v1\/wp-json\/wp\/v2\/comments?post=90721"}],"version-history":[{"count":2,"href":"https:\/\/www.r2cpress.com.br\/v1\/wp-json\/wp\/v2\/posts\/90721\/revisions"}],"predecessor-version":[{"id":90724,"href":"https:\/\/www.r2cpress.com.br\/v1\/wp-json\/wp\/v2\/posts\/90721\/revisions\/90724"}],"wp:attachment":[{"href":"https:\/\/www.r2cpress.com.br\/v1\/wp-json\/wp\/v2\/media?parent=90721"}],"wp:term":[{"taxonomy":"category","embeddable":true,"href":"https:\/\/www.r2cpress.com.br\/v1\/wp-json\/wp\/v2\/categories?post=90721"},{"taxonomy":"post_tag","embeddable":true,"href":"https:\/\/www.r2cpress.com.br\/v1\/wp-json\/wp\/v2\/tags?post=90721"}],"curies":[{"name":"wp","href":"https:\/\/api.w.org\/{rel}","templated":true}]}}