{"id":90849,"date":"2015-01-28T17:37:06","date_gmt":"2015-01-28T20:37:06","guid":{"rendered":"http:\/\/www.r2cpress.com.br\/v1\/?p=90849"},"modified":"2015-01-28T17:37:06","modified_gmt":"2015-01-28T20:37:06","slug":"comunidades-de-ilheus-fazem-festa-em-homenagem-a-iemanja","status":"publish","type":"post","link":"https:\/\/www.r2cpress.com.br\/v1\/2015\/01\/28\/comunidades-de-ilheus-fazem-festa-em-homenagem-a-iemanja\/","title":{"rendered":"Comunidades de Ilh\u00e9us fazem festa em homenagem a Iemanj\u00e1"},"content":{"rendered":"<p><em>As festividades acontecem no dia 2 de fevereiro, nas praias da Maramata, bairro Nova Bras\u00edlia, e da Sereia, bairro do Malhado.<\/em><\/p>\n<div id=\"attachment_90850\" style=\"width: 560px\" class=\"wp-caption aligncenter\"><a href=\"http:\/\/www.r2cpress.com.br\/v1\/wp-content\/uploads\/2015\/01\/Dia-de-Iemanj\u00e1-zona-Norte-foto-Gidelzo-Silva-Secom-Ilh\u00e9us-02.02.jpg\"><img aria-describedby=\"caption-attachment-90850\" loading=\"lazy\" src=\"http:\/\/www.r2cpress.com.br\/v1\/wp-content\/uploads\/2015\/01\/Dia-de-Iemanj\u00e1-zona-Norte-foto-Gidelzo-Silva-Secom-Ilh\u00e9us-02.02.jpg\" alt=\"Dia de Iemanj\u00e1-zona Norte-foto Gidelzo Silva Secom-Ilh\u00e9us.\" width=\"550\" height=\"221\" class=\"size-full wp-image-90850\" srcset=\"https:\/\/www.r2cpress.com.br\/v1\/wp-content\/uploads\/2015\/01\/Dia-de-Iemanj\u00e1-zona-Norte-foto-Gidelzo-Silva-Secom-Ilh\u00e9us-02.02.jpg 550w, https:\/\/www.r2cpress.com.br\/v1\/wp-content\/uploads\/2015\/01\/Dia-de-Iemanj\u00e1-zona-Norte-foto-Gidelzo-Silva-Secom-Ilh\u00e9us-02.02-300x120.jpg 300w\" sizes=\"(max-width: 550px) 100vw, 550px\" \/><\/a><p id=\"caption-attachment-90850\" class=\"wp-caption-text\">Dia de Iemanj\u00e1-zona Norte-foto Gidelzo Silva Secom-Ilh\u00e9us.<\/p><\/div>\n<p>Os terreiros de candombl\u00e9 Il\u00ea Guani\u00e1 de Oy\u00e1 e Sult\u00e3o das Matas v\u00e3o realizar no dia 2 de fevereiro, em Ilh\u00e9us, a festa em homenagem a Iemanj\u00e1. Com o apoio da prefeitura, atrav\u00e9s das secretarias municipais de Cultura (Secult) e Turismo (Setur), a partir das 5 horas da manh\u00e3 acontece alvorada com fogos de artif\u00edcio, prociss\u00e3o com a imagem do orix\u00e1, festa de largo e encerra com cortejo mar\u00edtimo, quando as pessoas fazem pedidos e agradecimentos por meio de oferendas.<\/p>\n<p>De acordo com a m\u00e3e de santo Laura, do terreiro de candombl\u00e9 Il\u00ea Guani\u00e1 de Oy\u00e1, uma das coordenadoras da festa da zona sul, durante todo o dia, na sede da Funda\u00e7\u00e3o-Universidade Livre do Mar e da Mata (Maramata), localizada no bairro Nova Bras\u00edlia, v\u00e3o ocorrer diversas manifesta\u00e7\u00f5es culturais, a exemplo de apresenta\u00e7\u00e3o do grupo Samba de Treita e de terreiros de candombl\u00e9 vindos de Itabuna, Itaju\u00edpe, Itapitanga, Buerarema, al\u00e9m de outros de Ilh\u00e9us.<\/p>\n<p>Conforme Emerson Silva, que integra a coordena\u00e7\u00e3o da festa do bairro do Malhado, no dia 2, a partir das 5 horas, no terreiro Sult\u00e3o das Matas, de m\u00e3e Carmosina, acontece alvorada de fogos de artif\u00edcio, seguido de banho de \u00e1gua de cheiro, \u00e0s 9 horas, na avenida Litor\u00e2nea Norte. J\u00e1 \u00e0s 14 horas, apresenta\u00e7\u00e3o do bloco afro Dilazenze; \u00e0s 14h30min, sa\u00edda da prociss\u00e3o com a imagem de Iemanj\u00e1, do Sult\u00e3o das Matas.<\/p>\n<p>No mesmo dia, no bairro do Malhado, est\u00e1 programada festa de largo, na Avenida Litor\u00e2nea Norte, com as bandas Realce, Samba Light, Benner Show e N\u00e9lio Jozilto &#038; banda.<\/p>\n<p>Cortejo \u2013 Conforme a comiss\u00e3o organizadora, por volta das 16 horas, o cortejo segue para o mar, para a entrega de oferendas a Iemanj\u00e1. Representantes da Delegacia da Capitania dos Portos em Ilh\u00e9us v\u00e3o acompanhar as embarca\u00e7\u00f5es durante o percurso. A festa faz parte de a\u00e7\u00f5es da prefeitura visando o fomento \u00e0 produ\u00e7\u00e3o cultural e a democratiza\u00e7\u00e3o do acesso \u00e0 cultura no munic\u00edpio.<\/p>\n","protected":false},"excerpt":{"rendered":"<p>As festividades acontecem no dia 2 de fevereiro, nas praias da Maramata, bairro Nova Bras\u00edlia, e da Sereia, bairro do Malhado. Os terreiros de candombl\u00e9 Il\u00ea Guani\u00e1 de Oy\u00e1 e Sult\u00e3o das Matas v\u00e3o realizar no dia 2 de fevereiro, em Ilh\u00e9us, a festa em homenagem a Iemanj\u00e1. Com o apoio da prefeitura, atrav\u00e9s das [&hellip;]<\/p>\n","protected":false},"author":2,"featured_media":0,"comment_status":"open","ping_status":"open","sticky":false,"template":"","format":"standard","meta":{"_links_to":"","_links_to_target":""},"categories":[23],"tags":[],"_links":{"self":[{"href":"https:\/\/www.r2cpress.com.br\/v1\/wp-json\/wp\/v2\/posts\/90849"}],"collection":[{"href":"https:\/\/www.r2cpress.com.br\/v1\/wp-json\/wp\/v2\/posts"}],"about":[{"href":"https:\/\/www.r2cpress.com.br\/v1\/wp-json\/wp\/v2\/types\/post"}],"author":[{"embeddable":true,"href":"https:\/\/www.r2cpress.com.br\/v1\/wp-json\/wp\/v2\/users\/2"}],"replies":[{"embeddable":true,"href":"https:\/\/www.r2cpress.com.br\/v1\/wp-json\/wp\/v2\/comments?post=90849"}],"version-history":[{"count":1,"href":"https:\/\/www.r2cpress.com.br\/v1\/wp-json\/wp\/v2\/posts\/90849\/revisions"}],"predecessor-version":[{"id":90851,"href":"https:\/\/www.r2cpress.com.br\/v1\/wp-json\/wp\/v2\/posts\/90849\/revisions\/90851"}],"wp:attachment":[{"href":"https:\/\/www.r2cpress.com.br\/v1\/wp-json\/wp\/v2\/media?parent=90849"}],"wp:term":[{"taxonomy":"category","embeddable":true,"href":"https:\/\/www.r2cpress.com.br\/v1\/wp-json\/wp\/v2\/categories?post=90849"},{"taxonomy":"post_tag","embeddable":true,"href":"https:\/\/www.r2cpress.com.br\/v1\/wp-json\/wp\/v2\/tags?post=90849"}],"curies":[{"name":"wp","href":"https:\/\/api.w.org\/{rel}","templated":true}]}}