{"id":90943,"date":"2015-01-30T17:14:18","date_gmt":"2015-01-30T20:14:18","guid":{"rendered":"http:\/\/www.r2cpress.com.br\/v1\/?p=90943"},"modified":"2015-01-30T17:14:18","modified_gmt":"2015-01-30T20:14:18","slug":"inema-aponta-praias-de-ilheus-proprias-para-o-banho","status":"publish","type":"post","link":"https:\/\/www.r2cpress.com.br\/v1\/2015\/01\/30\/inema-aponta-praias-de-ilheus-proprias-para-o-banho\/","title":{"rendered":"Inema aponta praias de Ilh\u00e9us pr\u00f3prias para o banho"},"content":{"rendered":"<p><em>Segundo o Inema, as praias da Ponta da Tulha, da Avenida Soares Lopes, do Cristo, da Ceplus (antes da ETE da Embasa), dos Milion\u00e1rios, do Cururupe, de Oliven\u00e7a s\u00e3o recomendadas ao banho.<\/em><\/p>\n<p>Segundo levantamento do Instituto do Meio Ambiente e Recursos H\u00eddricos (INEMA), as praias de Ponta da Tulha, da Avenida Soares Lopes, do Cristo, da Ceplus (antes da ETE da Embasa), dos Milion\u00e1rios, do Cururupe, de Oliven\u00e7a, e as do sul em dire\u00e7\u00e3o ao aeroporto, no litoral de Ilh\u00e9us, est\u00e3o pr\u00f3prias para o banho. Os banhistas devem evitar, neste fim de semana, as praias da Concha (em frente \u00e0s barracas de praias e pr\u00f3ximo a desembocadura do Rio de Contas), da Barra de S\u00e3o Miguel (em frente \u00e0 rua de acesso \u00e0 praia), Marciano (pr\u00f3ximo ao Bar Litr\u00e3o), Malhado (pr\u00f3ximo a escultura da sereia), Opaba (pr\u00f3ximo a barraca do Luau) e Ceplus (atr\u00e1s da cabana Guarany).<\/p>\n<p>O instituto faz o diagn\u00f3stico das condi\u00e7\u00f5es de balneabilidade das praias usando amostras recolhidas durante cinco semanas na costa litor\u00e2nea da Barra de S\u00e3o Miguel, Marciano, Malhado, Avenida, Cristo, Opaba, Milion\u00e1rios, Oliven\u00e7a e Cururupe, tamb\u00e9m a 100 metros antes e depois da Ceplus.<\/p>\n<p>No munic\u00edpio, o recolhimento \u00e9 feito em parceria com a secretaria Municipal de Meio Ambiente (Sema). Os banhistas e turistas que forem aproveitar o final de semana na costa ilheense devem lembrar que, para expor-se ao sol, \u00e9 necess\u00e1rio o uso de protetor solar, chap\u00e9us, \u00e1gua e alimenta\u00e7\u00e3o leve, al\u00e9m de aten\u00e7\u00e3o e cuidados com crian\u00e7as \u00e0 beira mar. S\u00e3o desaconselh\u00e1veis tamb\u00e9m, banho em proximidade de sa\u00eddas de esgoto, desembocadura de rios urbanos, c\u00f3rregos e canais de drenagem.<\/p>\n<p>&#8212;<\/p>\n<p><strong>Secretaria de Comunica\u00e7\u00e3o Social \u2013 Secom<\/strong><\/p>\n","protected":false},"excerpt":{"rendered":"<p>Segundo o Inema, as praias da Ponta da Tulha, da Avenida Soares Lopes, do Cristo, da Ceplus (antes da ETE da Embasa), dos Milion\u00e1rios, do Cururupe, de Oliven\u00e7a s\u00e3o recomendadas ao banho. Segundo levantamento do Instituto do Meio Ambiente e Recursos H\u00eddricos (INEMA), as praias de Ponta da Tulha, da Avenida Soares Lopes, do Cristo, [&hellip;]<\/p>\n","protected":false},"author":2,"featured_media":0,"comment_status":"open","ping_status":"open","sticky":false,"template":"","format":"standard","meta":{"_links_to":"","_links_to_target":""},"categories":[23],"tags":[],"_links":{"self":[{"href":"https:\/\/www.r2cpress.com.br\/v1\/wp-json\/wp\/v2\/posts\/90943"}],"collection":[{"href":"https:\/\/www.r2cpress.com.br\/v1\/wp-json\/wp\/v2\/posts"}],"about":[{"href":"https:\/\/www.r2cpress.com.br\/v1\/wp-json\/wp\/v2\/types\/post"}],"author":[{"embeddable":true,"href":"https:\/\/www.r2cpress.com.br\/v1\/wp-json\/wp\/v2\/users\/2"}],"replies":[{"embeddable":true,"href":"https:\/\/www.r2cpress.com.br\/v1\/wp-json\/wp\/v2\/comments?post=90943"}],"version-history":[{"count":1,"href":"https:\/\/www.r2cpress.com.br\/v1\/wp-json\/wp\/v2\/posts\/90943\/revisions"}],"predecessor-version":[{"id":90944,"href":"https:\/\/www.r2cpress.com.br\/v1\/wp-json\/wp\/v2\/posts\/90943\/revisions\/90944"}],"wp:attachment":[{"href":"https:\/\/www.r2cpress.com.br\/v1\/wp-json\/wp\/v2\/media?parent=90943"}],"wp:term":[{"taxonomy":"category","embeddable":true,"href":"https:\/\/www.r2cpress.com.br\/v1\/wp-json\/wp\/v2\/categories?post=90943"},{"taxonomy":"post_tag","embeddable":true,"href":"https:\/\/www.r2cpress.com.br\/v1\/wp-json\/wp\/v2\/tags?post=90943"}],"curies":[{"name":"wp","href":"https:\/\/api.w.org\/{rel}","templated":true}]}}