{"id":91043,"date":"2015-02-03T16:03:23","date_gmt":"2015-02-03T19:03:23","guid":{"rendered":"http:\/\/www.r2cpress.com.br\/v1\/?p=91043"},"modified":"2015-02-03T16:03:23","modified_gmt":"2015-02-03T19:03:23","slug":"deputado-destaca-compromisso-do-governador-rui-costa-com-a-seguranca-e-o-novo-hospital-regional-de-ilheus","status":"publish","type":"post","link":"https:\/\/www.r2cpress.com.br\/v1\/2015\/02\/03\/deputado-destaca-compromisso-do-governador-rui-costa-com-a-seguranca-e-o-novo-hospital-regional-de-ilheus\/","title":{"rendered":"Deputado destaca compromisso do governador Rui Costa com a seguran\u00e7a e o novo hospital regional de Ilh\u00e9us"},"content":{"rendered":"<p><em>Ao estrear como parlamentar na Assembleia Legislativa da Bahia, o deputado estadual Eduardo Salles afirma que ser\u00e1 um vigilante pelos interesses de Ilh\u00e9us.<\/em><\/p>\n<p><div id=\"attachment_91044\" style=\"width: 310px\" class=\"wp-caption alignright\"><a href=\"http:\/\/www.r2cpress.com.br\/v1\/wp-content\/uploads\/2015\/02\/Prefeito-de-Ilh\u00e9us-acompanhado-do-Deputado-Estadual-Eduardo-Salles-Imagem-Secom-Ilh\u00e9us.jpg\"><img aria-describedby=\"caption-attachment-91044\" loading=\"lazy\" src=\"http:\/\/www.r2cpress.com.br\/v1\/wp-content\/uploads\/2015\/02\/Prefeito-de-Ilh\u00e9us-acompanhado-do-Deputado-Estadual-Eduardo-Salles-Imagem-Secom-Ilh\u00e9us.jpg\" alt=\"Prefeito de Ilh\u00e9us (D) acompanhado do Deputado Estadual Eduardo Salles - Imagem Secom Ilh\u00e9us\" width=\"300\" height=\"296\" class=\"size-full wp-image-91044\" \/><\/a><p id=\"caption-attachment-91044\" class=\"wp-caption-text\">Prefeito de Ilh\u00e9us (D) acompanhado do Deputado Estadual Eduardo Salles &#8211; Imagem Secom Ilh\u00e9us<\/p><\/div>O deputado estadual Eduardo Salles (PP), ex-secret\u00e1rio de Agricultura da Bahia, destacou o compromisso assumido pelo governador Rui Costa com a seguran\u00e7a p\u00fablica e, na \u00e1rea de sa\u00fade, com a obra do novo hospital regional Costa do Cacau, que ser\u00e1 constru\u00eddo no bairro de Banco da Vit\u00f3ria, em Ilh\u00e9us. Durante mensagem lida hoje, na abertura dos trabalhos da Assembleia Legislativa da Bahia, Rui Costa afirmou que o novo hospital de Ilh\u00e9us ter\u00e1 sua constru\u00e7\u00e3o iniciada ainda este ano. <\/p>\n<p>O parlamentar, que tomou posse na segunda-feira, dia 2 de fevereiro, assistiu \u00e0 mensagem do governador baiano ao lado do prefeito de Ilh\u00e9us, Jabes Ribeiro, que \u00e9 secret\u00e1rio geral do Partido Progressista. Salles obteve o terceiro lugar na vota\u00e7\u00e3o para deputado estadual no munic\u00edpio de Ilh\u00e9us e coloca seu mandato inteiramente \u00e0 disposi\u00e7\u00e3o dos interesses da cidade.<\/p>\n<p>\u201cAcho que a prioridade do governador na \u00e1rea de seguran\u00e7a p\u00fablica ser\u00e1 importante para Ilh\u00e9us e toda a Bahia. Ele garantiu que vai convocar cerca de dois mil militares da reserva para atuarem no setor administrativo da pol\u00edcia baiana, de forma que os que ocupam essas fun\u00e7\u00f5es v\u00e3o trabalhar nas ruas; vai instalar c\u00e2meras de monitoramento nas cidades do interior e bases do Grupamento A\u00e9reo (Graer)\u201d, avalia Eduardo Salles.<\/p>\n<p>Outra prioridade citada pelo governador na Assembleia \u00e9 com rela\u00e7\u00e3o \u00e0 obra de duplica\u00e7\u00e3o da BR-415, a rodovia Ilh\u00e9us-Itabuna, obra que utilizar\u00e1 recursos federais. Al\u00e9m disso, Rui Costa definiu que ter\u00e1 uma a\u00e7\u00e3o especial na \u00e1rea de educa\u00e7\u00e3o, com a realiza\u00e7\u00e3o de concurso para professor e a cria\u00e7\u00e3o de gratifica\u00e7\u00e3o para diretores e vices das escolas estaduais, com base na avalia\u00e7\u00e3o por m\u00e9rito. <\/p>\n<p>&#8212;<br \/>\nSecretaria de Comunica\u00e7\u00e3o Social \u2013 Secom<\/p>\n","protected":false},"excerpt":{"rendered":"<p>Ao estrear como parlamentar na Assembleia Legislativa da Bahia, o deputado estadual Eduardo Salles afirma que ser\u00e1 um vigilante pelos interesses de Ilh\u00e9us. O deputado estadual Eduardo Salles (PP), ex-secret\u00e1rio de Agricultura da Bahia, destacou o compromisso assumido pelo governador Rui Costa com a seguran\u00e7a p\u00fablica e, na \u00e1rea de sa\u00fade, com a obra do [&hellip;]<\/p>\n","protected":false},"author":2,"featured_media":0,"comment_status":"open","ping_status":"open","sticky":false,"template":"","format":"standard","meta":{"_links_to":"","_links_to_target":""},"categories":[23],"tags":[],"_links":{"self":[{"href":"https:\/\/www.r2cpress.com.br\/v1\/wp-json\/wp\/v2\/posts\/91043"}],"collection":[{"href":"https:\/\/www.r2cpress.com.br\/v1\/wp-json\/wp\/v2\/posts"}],"about":[{"href":"https:\/\/www.r2cpress.com.br\/v1\/wp-json\/wp\/v2\/types\/post"}],"author":[{"embeddable":true,"href":"https:\/\/www.r2cpress.com.br\/v1\/wp-json\/wp\/v2\/users\/2"}],"replies":[{"embeddable":true,"href":"https:\/\/www.r2cpress.com.br\/v1\/wp-json\/wp\/v2\/comments?post=91043"}],"version-history":[{"count":1,"href":"https:\/\/www.r2cpress.com.br\/v1\/wp-json\/wp\/v2\/posts\/91043\/revisions"}],"predecessor-version":[{"id":91045,"href":"https:\/\/www.r2cpress.com.br\/v1\/wp-json\/wp\/v2\/posts\/91043\/revisions\/91045"}],"wp:attachment":[{"href":"https:\/\/www.r2cpress.com.br\/v1\/wp-json\/wp\/v2\/media?parent=91043"}],"wp:term":[{"taxonomy":"category","embeddable":true,"href":"https:\/\/www.r2cpress.com.br\/v1\/wp-json\/wp\/v2\/categories?post=91043"},{"taxonomy":"post_tag","embeddable":true,"href":"https:\/\/www.r2cpress.com.br\/v1\/wp-json\/wp\/v2\/tags?post=91043"}],"curies":[{"name":"wp","href":"https:\/\/api.w.org\/{rel}","templated":true}]}}