{"id":91081,"date":"2015-02-04T18:43:23","date_gmt":"2015-02-04T21:43:23","guid":{"rendered":"http:\/\/www.r2cpress.com.br\/v1\/?p=91081"},"modified":"2015-02-04T18:43:23","modified_gmt":"2015-02-04T21:43:23","slug":"em-brasilia-rui-costa-defende-projetos-de-infraestrutura-e-saude","status":"publish","type":"post","link":"https:\/\/www.r2cpress.com.br\/v1\/2015\/02\/04\/em-brasilia-rui-costa-defende-projetos-de-infraestrutura-e-saude\/","title":{"rendered":"Em Bras\u00edlia, Rui Costa defende projetos de infraestrutura e sa\u00fade"},"content":{"rendered":"<p>Ao fazer um balan\u00e7o das obras do Programa de Acelera\u00e7\u00e3o do Crescimento (PAC) na Bahia com o ministro Nelson Barbosa (Planejamento), nesta quarta-feira (4), em Bras\u00edlia, o governador Rui Costa apresentou prioridades. Entre elas est\u00e1 a implanta\u00e7\u00e3o do Ve\u00edculo Leve sobre Trilhos (VLT) de Salvador, que substituir\u00e1 o trem do Sub\u00farbio; a integra\u00e7\u00e3o deste moderno transporte sobre trilhos com o metr\u00f4; a amplia\u00e7\u00e3o da capacidade de barragens j\u00e1 constru\u00eddas; e o projeto batizado como Canal do Sert\u00e3o Baiano, que resolver\u00e1 a quest\u00e3o h\u00eddrica do Norte do estado.<\/p>\n<div id=\"attachment_91082\" style=\"width: 560px\" class=\"wp-caption aligncenter\"><a href=\"http:\/\/www.r2cpress.com.br\/v1\/wp-content\/uploads\/2015\/02\/RUI-COSTA-BRAS\u00cdLIA-BY-RODRIGO-NUNES.jpg\"><img aria-describedby=\"caption-attachment-91082\" loading=\"lazy\" class=\"size-full wp-image-91082\" src=\"http:\/\/www.r2cpress.com.br\/v1\/wp-content\/uploads\/2015\/02\/RUI-COSTA-BRAS\u00cdLIA-BY-RODRIGO-NUNES.jpg\" alt=\"RUI COSTA BRAS\u00cdLIA BY  RODRIGO NUNES\" width=\"550\" height=\"367\" srcset=\"https:\/\/www.r2cpress.com.br\/v1\/wp-content\/uploads\/2015\/02\/RUI-COSTA-BRAS\u00cdLIA-BY-RODRIGO-NUNES.jpg 550w, https:\/\/www.r2cpress.com.br\/v1\/wp-content\/uploads\/2015\/02\/RUI-COSTA-BRAS\u00cdLIA-BY-RODRIGO-NUNES-300x200.jpg 300w\" sizes=\"(max-width: 550px) 100vw, 550px\" \/><\/a><p id=\"caption-attachment-91082\" class=\"wp-caption-text\">RUI COSTA BRAS\u00cdLIA BY RODRIGO NUNES<\/p><\/div>\n<p>O governador tem buscado a execu\u00e7\u00e3o desses projetos em diferentes setores do governo federal onde eles tramitam. H\u00e1 duas semanas, Rui esteve no Minist\u00e9rio das Cidades refor\u00e7ando um a um. &#8220;Vir a Bras\u00edlia defender os interesses da Bahia \u00e9 nossa tarefa. Apesar de este ser um ano dif\u00edcil, as necessidades da nossa gente s\u00e3o para ontem&#8221;, afirmou.<\/p>\n<p><b>SA\u00daDE<\/b><\/p>\n<p>No Minist\u00e9rio da Sa\u00fade, o governador solicitou ao ministro Arthur Chioro parcerias para regionalizar os servi\u00e7os de alta e m\u00e9dia complexidade. Ele citou a necessidade de amplia\u00e7\u00e3o do Samu, do Programa Sa\u00fade em Movimento e da rede de laborat\u00f3rios. Na audi\u00eancia, o governador foi acompanhado pelos secret\u00e1rios estaduais F\u00e1bio Vilas Boas (Sa\u00fade) e Bruno Dauster (Casa Civil).<\/p>\n<p><b>TCU<\/b><\/p>\n<p>Ainda em Bras\u00edlia, o governador participou na manh\u00e3 desta quarta-feira da posse do ministro do Tribunal de Contas da Uni\u00e3o (TCU), Vital do R\u00eago.<\/p>\n<p><strong><span style=\"font-family: Times;\">&#8230;<\/span><\/strong><\/p>\n<p><span style=\"font-family: Times;\"><strong>Secom\u00a0<\/strong>\u00a0<strong>&#8211; Secretaria de Comunica\u00e7\u00e3o Social\u00a0&#8211; Governo da Bahia<\/strong><\/span><\/p>\n","protected":false},"excerpt":{"rendered":"<p>Ao fazer um balan\u00e7o das obras do Programa de Acelera\u00e7\u00e3o do Crescimento (PAC) na Bahia com o ministro Nelson Barbosa (Planejamento), nesta quarta-feira (4), em Bras\u00edlia, o governador Rui Costa apresentou prioridades. Entre elas est\u00e1 a implanta\u00e7\u00e3o do Ve\u00edculo Leve sobre Trilhos (VLT) de Salvador, que substituir\u00e1 o trem do Sub\u00farbio; a integra\u00e7\u00e3o deste moderno [&hellip;]<\/p>\n","protected":false},"author":2,"featured_media":0,"comment_status":"open","ping_status":"open","sticky":false,"template":"","format":"standard","meta":{"_links_to":"","_links_to_target":""},"categories":[29],"tags":[],"_links":{"self":[{"href":"https:\/\/www.r2cpress.com.br\/v1\/wp-json\/wp\/v2\/posts\/91081"}],"collection":[{"href":"https:\/\/www.r2cpress.com.br\/v1\/wp-json\/wp\/v2\/posts"}],"about":[{"href":"https:\/\/www.r2cpress.com.br\/v1\/wp-json\/wp\/v2\/types\/post"}],"author":[{"embeddable":true,"href":"https:\/\/www.r2cpress.com.br\/v1\/wp-json\/wp\/v2\/users\/2"}],"replies":[{"embeddable":true,"href":"https:\/\/www.r2cpress.com.br\/v1\/wp-json\/wp\/v2\/comments?post=91081"}],"version-history":[{"count":1,"href":"https:\/\/www.r2cpress.com.br\/v1\/wp-json\/wp\/v2\/posts\/91081\/revisions"}],"predecessor-version":[{"id":91083,"href":"https:\/\/www.r2cpress.com.br\/v1\/wp-json\/wp\/v2\/posts\/91081\/revisions\/91083"}],"wp:attachment":[{"href":"https:\/\/www.r2cpress.com.br\/v1\/wp-json\/wp\/v2\/media?parent=91081"}],"wp:term":[{"taxonomy":"category","embeddable":true,"href":"https:\/\/www.r2cpress.com.br\/v1\/wp-json\/wp\/v2\/categories?post=91081"},{"taxonomy":"post_tag","embeddable":true,"href":"https:\/\/www.r2cpress.com.br\/v1\/wp-json\/wp\/v2\/tags?post=91081"}],"curies":[{"name":"wp","href":"https:\/\/api.w.org\/{rel}","templated":true}]}}