{"id":91152,"date":"2015-02-06T15:51:43","date_gmt":"2015-02-06T18:51:43","guid":{"rendered":"http:\/\/www.r2cpress.com.br\/v1\/?p=91152"},"modified":"2015-02-06T15:52:14","modified_gmt":"2015-02-06T18:52:14","slug":"desmitificando-as-dietas","status":"publish","type":"post","link":"https:\/\/www.r2cpress.com.br\/v1\/2015\/02\/06\/desmitificando-as-dietas\/","title":{"rendered":"Desmitificando as dietas!"},"content":{"rendered":"<p><center><img loading=\"lazy\" class=\"aligncenter\" src=\"http:\/\/www.r2cpress.com.br\/v1\/wp-content\/uploads\/2015\/01\/ALINE-FIDELMAN-CART%C3%83O-NOVO.jpg\" alt=\"\" width=\"550\" height=\"274\" \/><\/center><\/p>\n<div>Ol\u00e1 queridos conterr\u00e2neos, amigos e seguidores do <strong>R2CPress<\/strong>!<\/div>\n<div><\/div>\n<div>Vamos hoje desmitificar os tipos de dietas de acordo com restri\u00e7\u00f5es submetidas a cada uma delas, seja por intoler\u00e2ncia ou meramente para seguir uma linha mais saud\u00e1vel de alimenta\u00e7\u00e3o, desta forma evitando problemas futuros de sa\u00fade e mantendo uma alimenta\u00e7\u00e3o equilibrada.<\/div>\n<div><\/div>\n<div>Existem dietas que desintoxicam, que previnem c\u00e2ncer, que eliminam a lactose ou gl\u00faten de alguns indiv\u00edduos e que de fato levam a resultados satisfat\u00f3rios!<\/div>\n<div>Conhe\u00e7o e ouvi depoimentos de pessoas que tinham diarreias cr\u00f4nicas (presen\u00e7a de lactose na alimenta\u00e7\u00e3o) e outras com casos de enxaquecas que duraram &#8220;uma vida&#8221; e recorriam a diversos tipos de tratamento&#8230; sem sem sucesso! E que apenas por eliminar o GL\u00daTEN, se livraram como um &#8220;passe de m\u00e1gica&#8221; da dor de cabe\u00e7a que n\u00e3o deixava estes indiv\u00edduos viverem em equil\u00edbrio e plenamente bem de sa\u00fade!<\/div>\n<div><\/div>\n<div>Segue uma tabela completa para que entendam o cada tipo de dieta e o que comem ou n\u00e3o cada grupo destas dietas:<\/div>\n<div>\n<div id=\"attachment_91153\" style=\"width: 610px\" class=\"wp-caption aligncenter\"><a href=\"http:\/\/www.r2cpress.com.br\/v1\/wp-content\/uploads\/2015\/02\/DIETAS-PERFEITA-ALINE-FIDELAMAN.jpg\"><img aria-describedby=\"caption-attachment-91153\" loading=\"lazy\" class=\"size-full wp-image-91153\" src=\"http:\/\/www.r2cpress.com.br\/v1\/wp-content\/uploads\/2015\/02\/DIETAS-PERFEITA-ALINE-FIDELAMAN.jpg\" alt=\"01\" width=\"600\" height=\"207\" srcset=\"https:\/\/www.r2cpress.com.br\/v1\/wp-content\/uploads\/2015\/02\/DIETAS-PERFEITA-ALINE-FIDELAMAN.jpg 600w, https:\/\/www.r2cpress.com.br\/v1\/wp-content\/uploads\/2015\/02\/DIETAS-PERFEITA-ALINE-FIDELAMAN-300x103.jpg 300w\" sizes=\"(max-width: 600px) 100vw, 600px\" \/><\/a><p id=\"caption-attachment-91153\" class=\"wp-caption-text\">01<\/p><\/div>\n<\/div>\n<div><span style=\"color: #000000;\"><span style=\"font-family: Calibri, sans-serif;\"><span style=\"font-size: medium;\">Resta salientar que o VEGANO \u00e9 tamb\u00e9m conhecido como o VEGETARIANO RESTRITO, que n\u00e3o <\/span><\/span><\/span><span style=\"color: #000000;\"><span style=\"font-family: Calibri, sans-serif;\"><span style=\"font-size: medium;\">ingerem<\/span><\/span><\/span><span style=\"color: #000000;\"><span style=\"font-family: Calibri, sans-serif;\"><span style=\"font-size: medium;\">alimento animal, apenas vegetal, tais como: gr\u00e3os, leguminosas, vegetais, frutas e sementes.<\/span><\/span><\/span><\/div>\n<div>\n<p>Excluindo-se assim:<\/p>\n<ul>\n<li><span style=\"color: #000000;\"><span style=\"font-family: Calibri, sans-serif;\"><span style=\"font-size: medium;\">mel de abelha<\/span><\/span><\/span><\/li>\n<li><span style=\"color: #000000;\"><span style=\"font-family: Calibri, sans-serif;\"><span style=\"font-size: medium;\">leite animal<\/span><\/span><\/span><\/li>\n<li><span style=\"color: #000000;\"><span style=\"font-family: Calibri, sans-serif;\"><span style=\"font-size: medium;\">manteiga<\/span><\/span><\/span><\/li>\n<li><span style=\"color: #000000;\"><span style=\"font-family: Calibri, sans-serif;\"><span style=\"font-size: medium;\">ovos<\/span><\/span><\/span><\/li>\n<li><span style=\"color: #000000;\"><span style=\"font-family: Calibri, sans-serif;\"><span style=\"font-size: medium;\">carnes branca ou vermelha, frutos do mar e fazem uso de diversas outras prote\u00ednas vegetais como cogumelos, soja, etc.<\/span><\/span><\/span><\/li>\n<\/ul>\n<\/div>\n<div><\/div>\n<div>Na pr\u00f3xima mat\u00e9ria abordarei mais a fundo sobre o que \u00e9 o gl\u00faten e toda a pol\u00eamica sobre os ingredientes e alimentos que possuem o mesmo na composi\u00e7\u00e3o.<\/div>\n<div><\/div>\n<div>E para n\u00e3o deixar de APOIAR ESTA CAUSA NOBRE, compare\u00e7am ao centro HEMOBA em Ilh\u00e9us na Mar\u00e7onaria na P\u00e7. Ruy Barbosa ou no Stand da Unimed na Av. Soares Lopes e salve vidas! Diga com orgulho: EU FUI!<\/div>\n<div><\/div>\n<div>__<\/div>\n<div><\/div>\n<div>At\u00e9 l\u00e1! Au revoir!<\/div>\n<div>\n<div>\n<p align=\"LEFT\"><span style=\"color: #18343a;\"><span style=\"font-family: Arial, Helvetica, sans-serif;\">__<\/span><\/span><\/p>\n<p align=\"LEFT\"><span style=\"color: #ffffff;\"><img loading=\"lazy\" class=\"CToWUd\" src=\"https:\/\/ci6.googleusercontent.com\/proxy\/xebp0AoXsn4BEgcNqDI4bEWv-PDFLUhHj-j41wHDkOzIEircyTAc04P6HDG_022EKV8e4RkOz0cZBxfVzAzdaI4PmNKggfoQKx_3QrLCT2c=s0-d-e1-ft#http:\/\/www.r2cpress.com.br\/v1\/wp-content\/uploads\/00311.jpg\" alt=\"\" width=\"110\" height=\"163\" align=\"RIGHT\" border=\"1\" \/><strong><span style=\"color: #18343a;\"><span style=\"font-family: Arial, Helvetica, sans-serif;\">Aline Fidelman<\/span><\/span><\/strong><\/span><\/p>\n<p align=\"LEFT\"><span style=\"color: #18343a;\"><span style=\"font-family: Arial, Helvetica, sans-serif;\">38 anos, Ilh\u00e9us-Ba.<\/span><\/span><\/p>\n<p align=\"LEFT\">Certifica\u00e7\u00e3o de Beginners Chef pela Leiths School of Food &amp; Wine \u2013 Londres (2007)<\/p>\n<p align=\"LEFT\"><span style=\"color: #18343a;\"><span style=\"font-family: Arial, Helvetica, sans-serif;\">Diploma de Gastronomia pela Universidade Anhembi Morumbi \u2013 S\u00e3o Paulo (2010)<\/span><\/span><\/p>\n<p align=\"LEFT\"><span style=\"color: #18343a;\"><span style=\"font-family: Arial, Helvetica, sans-serif;\">P\u00f3s-Graduanda em Gest\u00e3o da Seguran\u00e7a de Alimentos &#8211; SENAC SP (Em curso)<\/span><\/span><\/p>\n<p align=\"LEFT\"><span style=\"color: #18343a;\"><span style=\"font-family: Arial, Helvetica, sans-serif;\"><br \/>\n<i>Perfil Profissional: 3,5 anos de experi\u00eancia em Catering &amp; Eventos como supervisora de sal\u00e3o e Chef iniciante em Londres (2005), 2 anos de experi\u00eancia como Chef em S\u00e3o Paulo (2009), 1,5 anos de experi\u00eancia como Chef Executiva no RJ (2012), 1 ano de experi\u00eancia como Gerente Operacional e Chef Executiva em Lauro de Freitas (2014).<\/i><\/span><\/span><\/p>\n<p style=\"text-align: center;\" align=\"LEFT\"><strong><span style=\"color: #18343a;\"><span style=\"font-family: Arial, Helvetica, sans-serif;\"><i>Contato: <a href=\"mailto:alinefidelman@hotmail.com\" target=\"_blank\">alinefidelman@hotmail.com<\/a><\/i><\/span><\/span><\/strong><\/p>\n<\/div>\n<\/div>\n","protected":false},"excerpt":{"rendered":"<p>Ol\u00e1 queridos conterr\u00e2neos, amigos e seguidores do R2CPress! Vamos hoje desmitificar os tipos de dietas de acordo com restri\u00e7\u00f5es submetidas a cada uma delas, seja por intoler\u00e2ncia ou meramente para seguir uma linha mais saud\u00e1vel de alimenta\u00e7\u00e3o, desta forma evitando problemas futuros de sa\u00fade e mantendo uma alimenta\u00e7\u00e3o equilibrada. Existem dietas que desintoxicam, que previnem [&hellip;]<\/p>\n","protected":false},"author":2,"featured_media":0,"comment_status":"open","ping_status":"open","sticky":false,"template":"","format":"standard","meta":{"_links_to":"","_links_to_target":""},"categories":[30],"tags":[],"_links":{"self":[{"href":"https:\/\/www.r2cpress.com.br\/v1\/wp-json\/wp\/v2\/posts\/91152"}],"collection":[{"href":"https:\/\/www.r2cpress.com.br\/v1\/wp-json\/wp\/v2\/posts"}],"about":[{"href":"https:\/\/www.r2cpress.com.br\/v1\/wp-json\/wp\/v2\/types\/post"}],"author":[{"embeddable":true,"href":"https:\/\/www.r2cpress.com.br\/v1\/wp-json\/wp\/v2\/users\/2"}],"replies":[{"embeddable":true,"href":"https:\/\/www.r2cpress.com.br\/v1\/wp-json\/wp\/v2\/comments?post=91152"}],"version-history":[{"count":4,"href":"https:\/\/www.r2cpress.com.br\/v1\/wp-json\/wp\/v2\/posts\/91152\/revisions"}],"predecessor-version":[{"id":91157,"href":"https:\/\/www.r2cpress.com.br\/v1\/wp-json\/wp\/v2\/posts\/91152\/revisions\/91157"}],"wp:attachment":[{"href":"https:\/\/www.r2cpress.com.br\/v1\/wp-json\/wp\/v2\/media?parent=91152"}],"wp:term":[{"taxonomy":"category","embeddable":true,"href":"https:\/\/www.r2cpress.com.br\/v1\/wp-json\/wp\/v2\/categories?post=91152"},{"taxonomy":"post_tag","embeddable":true,"href":"https:\/\/www.r2cpress.com.br\/v1\/wp-json\/wp\/v2\/tags?post=91152"}],"curies":[{"name":"wp","href":"https:\/\/api.w.org\/{rel}","templated":true}]}}