{"id":9123,"date":"2011-02-21T14:00:34","date_gmt":"2011-02-21T17:00:34","guid":{"rendered":"http:\/\/www.r2cpress.com.br\/v1\/?p=9123"},"modified":"2011-02-21T14:00:34","modified_gmt":"2011-02-21T17:00:34","slug":"durante-regata-operadoras-mineiras-visitam-a-cidade-e-mostram-interesse-em-investir-no-turismo-de-ilheus","status":"publish","type":"post","link":"https:\/\/www.r2cpress.com.br\/v1\/2011\/02\/21\/durante-regata-operadoras-mineiras-visitam-a-cidade-e-mostram-interesse-em-investir-no-turismo-de-ilheus\/","title":{"rendered":"Durante regata, operadoras mineiras visitam a cidade e mostram interesse em investir no turismo de Ilh\u00e9us"},"content":{"rendered":"<p><a href=\"http:\/\/www.r2cpress.com.br\/v1\/wp-content\/uploads\/MONT-CAPA-SITE28.jpg\"><img loading=\"lazy\" src=\"http:\/\/www.r2cpress.com.br\/v1\/wp-content\/uploads\/MONT-CAPA-SITE28-300x273.jpg\" alt=\"\" title=\"MONT CAPA SITE\" width=\"300\" height=\"273\" class=\"alignleft size-medium wp-image-9124\" srcset=\"https:\/\/www.r2cpress.com.br\/v1\/wp-content\/uploads\/MONT-CAPA-SITE28-300x273.jpg 300w, https:\/\/www.r2cpress.com.br\/v1\/wp-content\/uploads\/MONT-CAPA-SITE28.jpg 750w\" sizes=\"(max-width: 300px) 100vw, 300px\" \/><\/a>Agentes das sete principais operadoras de viagens de Minas Gerais \u2013 um dos maiores p\u00f3los emissores de turistas para Ilh\u00e9us \u2013 e o Diretor Geral de Vendas da Trip, Rodrigo Mendicino, estiveram no munic\u00edpio durante a realiza\u00e7\u00e3o da XIV Regata Salvador-Ilh\u00e9us, neste final de semana. Eles participaram da Feijoada N\u00e1utica, promovida pela M21, que reuniu autoridades, velejadores e profissionais de comunica\u00e7\u00e3o e elogiaram a potencialidade do turismo de Ilh\u00e9us. H\u00e1 cerca de um m\u00eas, a Trip passou a operar um segundo v\u00f4o para o munic\u00edpio, proveniente do aeroporto de Confins (MG) e a empresa pretende intensificar as a\u00e7\u00f5es de divulga\u00e7\u00e3o de Ilh\u00e9us. O convite para a visita das operadoras partiu de uma das parceiras da M21, a Associa\u00e7\u00e3o de Turismo de Ilh\u00e9us (Atil), e, segundo o publicit\u00e1rio Marco Lessa, eles puderam ver de perto quatro coisas que somente a Bahia tem capacidade de oferecer simultaneamente: festa, beleza natural, esporte e cultura.<\/p>\n<p><!--more--><\/p>\n<p>A XIV Regata Salvador Ilh\u00e9us deu um clima diferente ao final de semana de Ilh\u00e9us. 23 equipes de velejadores partiram de Salvador na sexta-feira e chegaram a Ilh\u00e9us no s\u00e1bado, oferecendo um cen\u00e1rio diferente \u00e0s imedia\u00e7\u00f5es do Ilh\u00e9us Iate Clube, promotora oficial do evento esportivo. O resultado final da regata, por categoria, foi a seguinte: Delta 36 (Na Boa), Delta 32  (Lacrau), RGS Regata A (Fuga 2), RGS Regata B (Oktopus), RGS Cruzeiro A (Artemis), Multicasco A (Pick Nick), Multicasco B (Airi), Multicasco D (Maguni), Aberta (Nina Vmax), ORC Internacional (Marujos), ORC Club (Spirogiro) e Vento de por\u00e3o (Chegado V). \u201cA regata esta tomando corpo com o apoio privado e publico e a n\u00f3s resta apoi\u00e1-la cada vez mais dando sugest\u00f5es e trabalhando para promov\u00ea-la\u201d, resumiu o velejador Arnaldo Pimenta.<\/p>\n<p>Al\u00e9m da regata, o evento ganhou este ano outros eventos esportivos para incrementar ainda mais o calend\u00e1rio. Numa prova de nata\u00e7\u00e3o, atletas de Ilh\u00e9us e Itabuna deram um brilho especial \u00e0 ba\u00eda do Pontal. Jo\u00e3o Paulo Garcia da Hora e Karina Moreira foram os vencedores. Mas a prova teve at\u00e9 a participa\u00e7\u00e3o de crian\u00e7as, numa realiza\u00e7\u00e3o do Departamento de Esportes da Prefeitura de Ilh\u00e9us em parceria com a M21. Outra atra\u00e7\u00e3o que se apresentou na ba\u00eda do Pontal, foi o campe\u00e3o mundial de Jet Ski, Bruno Jacob. Ele se apresentou para um excelente p\u00fablico que acompanhou de uma arquibancada montada especialmente para o evento uma s\u00e9rie de manobras radicais.<\/p>\n<p>No s\u00e1bado, um excelente p\u00fablico tamb\u00e9m p\u00f4de acompanhar um show especial com a paulistana Maria Gad\u00fa e o baiano Jau, na Concha Ac\u00fastica. A Regata Salvador-Ilh\u00e9us contou com o apoio do Governo da Bahia e da Prefeitura Municipal (Setur), al\u00e9m de entidades como ATIL e CDL ap\u00f3iam a iniciativa do evento. A proposta foi abra\u00e7ada tamb\u00e9m por patrocinadores de peso, a exemplo do Jequitib\u00e1 Plaza Shopping, Tv Santa Cruz, Bahia FM, Bivolt, Jardim Atl\u00e2ntico Beach Resort e Bav\u00e1ria Premium.<\/p>\n<p>&#8212;<br \/>\nJornalista Respons\u00e1vel: MM<\/p>\n","protected":false},"excerpt":{"rendered":"<p>Agentes das sete principais operadoras de viagens de Minas Gerais \u2013 um dos maiores p\u00f3los emissores de turistas para Ilh\u00e9us \u2013 e o Diretor Geral de Vendas da Trip, Rodrigo Mendicino, estiveram no munic\u00edpio durante a realiza\u00e7\u00e3o da XIV Regata Salvador-Ilh\u00e9us, neste final de semana. Eles participaram da Feijoada N\u00e1utica, promovida pela M21, que reuniu [&hellip;]<\/p>\n","protected":false},"author":2,"featured_media":0,"comment_status":"open","ping_status":"open","sticky":false,"template":"","format":"standard","meta":{"_links_to":"","_links_to_target":""},"categories":[28],"tags":[],"_links":{"self":[{"href":"https:\/\/www.r2cpress.com.br\/v1\/wp-json\/wp\/v2\/posts\/9123"}],"collection":[{"href":"https:\/\/www.r2cpress.com.br\/v1\/wp-json\/wp\/v2\/posts"}],"about":[{"href":"https:\/\/www.r2cpress.com.br\/v1\/wp-json\/wp\/v2\/types\/post"}],"author":[{"embeddable":true,"href":"https:\/\/www.r2cpress.com.br\/v1\/wp-json\/wp\/v2\/users\/2"}],"replies":[{"embeddable":true,"href":"https:\/\/www.r2cpress.com.br\/v1\/wp-json\/wp\/v2\/comments?post=9123"}],"version-history":[{"count":2,"href":"https:\/\/www.r2cpress.com.br\/v1\/wp-json\/wp\/v2\/posts\/9123\/revisions"}],"predecessor-version":[{"id":9126,"href":"https:\/\/www.r2cpress.com.br\/v1\/wp-json\/wp\/v2\/posts\/9123\/revisions\/9126"}],"wp:attachment":[{"href":"https:\/\/www.r2cpress.com.br\/v1\/wp-json\/wp\/v2\/media?parent=9123"}],"wp:term":[{"taxonomy":"category","embeddable":true,"href":"https:\/\/www.r2cpress.com.br\/v1\/wp-json\/wp\/v2\/categories?post=9123"},{"taxonomy":"post_tag","embeddable":true,"href":"https:\/\/www.r2cpress.com.br\/v1\/wp-json\/wp\/v2\/tags?post=9123"}],"curies":[{"name":"wp","href":"https:\/\/api.w.org\/{rel}","templated":true}]}}