{"id":91282,"date":"2015-02-11T19:54:04","date_gmt":"2015-02-11T22:54:04","guid":{"rendered":"http:\/\/www.r2cpress.com.br\/v1\/?p=91282"},"modified":"2015-02-11T19:54:04","modified_gmt":"2015-02-11T22:54:04","slug":"seguranca-publica-utiliza-340-cameras-de-monitoramento-no-carnaval","status":"publish","type":"post","link":"https:\/\/www.r2cpress.com.br\/v1\/2015\/02\/11\/seguranca-publica-utiliza-340-cameras-de-monitoramento-no-carnaval\/","title":{"rendered":"Seguran\u00e7a P\u00fablica utiliza 340 c\u00e2meras de monitoramento no Carnaval"},"content":{"rendered":"<p>Est\u00e1 tudo pronto para a Opera\u00e7\u00e3o Carnaval 2015 da Secretaria da Seguran\u00e7a P\u00fablica (SSP). A garantia \u00e9 do titular da pasta, Maur\u00edcio Barbosa, que nesta quarta-feira (11) visitou o Centro Integrado de Comando e Controle (CICC), no Parque Tecnol\u00f3gico da Bahia, em Salvador. \u201cHoje, nosso trabalho come\u00e7a \u00e0s 19h e encerra na Quarta-feira [de Cinzas], depois do Arrast\u00e3o de Ivete [Sangalo] e das bandas que tradicionalmente j\u00e1 fazem este evento\u201d, afirmou o secret\u00e1rio.<\/p>\n<div id=\"attachment_91283\" style=\"width: 560px\" class=\"wp-caption aligncenter\"><a href=\"http:\/\/www.r2cpress.com.br\/v1\/wp-content\/uploads\/2015\/02\/Seguran\u00e7a_Carnaval-2015_By-Carla-Ornelas_GOVBA.jpg\"><img aria-describedby=\"caption-attachment-91283\" loading=\"lazy\" class=\"size-full wp-image-91283\" src=\"http:\/\/www.r2cpress.com.br\/v1\/wp-content\/uploads\/2015\/02\/Seguran\u00e7a_Carnaval-2015_By-Carla-Ornelas_GOVBA.jpg\" alt=\"Seguran\u00e7a_Carnaval 2015_By Carla Ornelas_GOVBA\" width=\"550\" height=\"367\" srcset=\"https:\/\/www.r2cpress.com.br\/v1\/wp-content\/uploads\/2015\/02\/Seguran\u00e7a_Carnaval-2015_By-Carla-Ornelas_GOVBA.jpg 550w, https:\/\/www.r2cpress.com.br\/v1\/wp-content\/uploads\/2015\/02\/Seguran\u00e7a_Carnaval-2015_By-Carla-Ornelas_GOVBA-300x200.jpg 300w\" sizes=\"(max-width: 550px) 100vw, 550px\" \/><\/a><p id=\"caption-attachment-91283\" class=\"wp-caption-text\">Seguran\u00e7a_Carnaval 2015_By Carla Ornelas_GOVBA<\/p><\/div>\n<p>Al\u00e9m dos 23,7 mil policiais, que v\u00e3o atuar para garantir a seguran\u00e7a durante o Carnaval na capital baiana, 338 c\u00e2meras de videomonitoramento, instaladas em pontos estrat\u00e9gicos dos circuitos e nos corredores de tr\u00e1fego de acesso \u00e0 folia, auxiliam os profissionais de 28 \u00f3rg\u00e3os de seguran\u00e7a, controle e defesa civil, que atuam conjuntamente no CICC neste ano. Conforme o gerente de opera\u00e7\u00f5es do CICC, major Paulo Roberto Cunha, do total de c\u00e2meras, aproximadamente 140 est\u00e3o instaladas em viaturas.<\/p>\n<p>Representantes da Marinha, Corpo de Bombeiros, Pol\u00edcia Civil, Guarda Municipal, Transalvador, Defesa Civil, entre outras institui\u00e7\u00f5es, estar\u00e3o no CICC durante a Opera\u00e7\u00e3o Carnaval 2015 da SSP. \u201cO Centro Integrado de Comando e Controle se responsabiliza por acolher as ocorr\u00eancias que s\u00e3o trazidas dos circuitos e, daqui mesmo, estas situa\u00e7\u00f5es s\u00e3o resolvidas\u201d, disse o secret\u00e1rio.<\/p>\n<p>&#8212;<\/p>\n<p><strong>Secom\u00a0<\/strong>\u00a0<strong>&#8211; Secretaria de Comunica\u00e7\u00e3o Social\u00a0&#8211; Governo da Bahia<\/strong><\/p>\n<p>&nbsp;<\/p>\n","protected":false},"excerpt":{"rendered":"<p>Est\u00e1 tudo pronto para a Opera\u00e7\u00e3o Carnaval 2015 da Secretaria da Seguran\u00e7a P\u00fablica (SSP). A garantia \u00e9 do titular da pasta, Maur\u00edcio Barbosa, que nesta quarta-feira (11) visitou o Centro Integrado de Comando e Controle (CICC), no Parque Tecnol\u00f3gico da Bahia, em Salvador. \u201cHoje, nosso trabalho come\u00e7a \u00e0s 19h e encerra na Quarta-feira [de Cinzas], [&hellip;]<\/p>\n","protected":false},"author":2,"featured_media":0,"comment_status":"open","ping_status":"open","sticky":false,"template":"","format":"standard","meta":{"_links_to":"","_links_to_target":""},"categories":[1],"tags":[],"_links":{"self":[{"href":"https:\/\/www.r2cpress.com.br\/v1\/wp-json\/wp\/v2\/posts\/91282"}],"collection":[{"href":"https:\/\/www.r2cpress.com.br\/v1\/wp-json\/wp\/v2\/posts"}],"about":[{"href":"https:\/\/www.r2cpress.com.br\/v1\/wp-json\/wp\/v2\/types\/post"}],"author":[{"embeddable":true,"href":"https:\/\/www.r2cpress.com.br\/v1\/wp-json\/wp\/v2\/users\/2"}],"replies":[{"embeddable":true,"href":"https:\/\/www.r2cpress.com.br\/v1\/wp-json\/wp\/v2\/comments?post=91282"}],"version-history":[{"count":1,"href":"https:\/\/www.r2cpress.com.br\/v1\/wp-json\/wp\/v2\/posts\/91282\/revisions"}],"predecessor-version":[{"id":91284,"href":"https:\/\/www.r2cpress.com.br\/v1\/wp-json\/wp\/v2\/posts\/91282\/revisions\/91284"}],"wp:attachment":[{"href":"https:\/\/www.r2cpress.com.br\/v1\/wp-json\/wp\/v2\/media?parent=91282"}],"wp:term":[{"taxonomy":"category","embeddable":true,"href":"https:\/\/www.r2cpress.com.br\/v1\/wp-json\/wp\/v2\/categories?post=91282"},{"taxonomy":"post_tag","embeddable":true,"href":"https:\/\/www.r2cpress.com.br\/v1\/wp-json\/wp\/v2\/tags?post=91282"}],"curies":[{"name":"wp","href":"https:\/\/api.w.org\/{rel}","templated":true}]}}