{"id":91306,"date":"2015-02-12T12:35:51","date_gmt":"2015-02-12T15:35:51","guid":{"rendered":"http:\/\/www.r2cpress.com.br\/v1\/?p=91306"},"modified":"2015-02-12T12:35:51","modified_gmt":"2015-02-12T15:35:51","slug":"matricula-e-inicio-das-aulas","status":"publish","type":"post","link":"https:\/\/www.r2cpress.com.br\/v1\/2015\/02\/12\/matricula-e-inicio-das-aulas\/","title":{"rendered":"MATR\u00cdCULA E IN\u00cdCIO DAS AULAS"},"content":{"rendered":"<div class=\"gmail_default\">Ola!<\/div>\n<div class=\"gmail_default\">Nossa escola \u00e9 em Serra Grande, munic\u00edpio de Uru\u00e7uca e gostar\u00edamos que se poss\u00edvel vc divulgasse nossa matr\u00edcula que j\u00e1 se encontra aberta e nosso in\u00edcio letivo que se dar\u00e1 no dia 02 de mar\u00e7o. Somos uma escola de ensino m\u00e9dio regular, do 1\u00ba ao 3\u00ba ano, temos turno vespertino e noturno, em Serra e o \u00f4nibus escolar pega os alunos a partir do Mamo\u00e3.<\/div>\n<div class=\"gmail_default\"><\/div>\n<div class=\"gmail_default\">Agradecemos sua colabora\u00e7\u00e3o<\/div>\n<div class=\"yj6qo ajU\">\n<div id=\":1zs\" class=\"ajR\" tabindex=\"0\" data-tooltip=\"Ocultar conte\u00fado expandido\"><img class=\"ajT aligncenter\" src=\"https:\/\/ssl.gstatic.com\/ui\/v1\/icons\/mail\/images\/cleardot.gif\" alt=\"\" \/><\/div>\n<\/div>\n<div style=\"text-align: center;\">COL\u00c9GIO ESTADUAL ANT\u00d4NIO CRUZ<\/div>\n<div>\n<div dir=\"ltr\" style=\"text-align: center;\">Aparecida Freire da Concei\u00e7\u00e3o<\/p>\n<div style=\"text-align: center;\">Diretora aut. 7019\/13<\/div>\n<\/div>\n<\/div>\n<p>&nbsp;<\/p>\n","protected":false},"excerpt":{"rendered":"<p>Ola! Nossa escola \u00e9 em Serra Grande, munic\u00edpio de Uru\u00e7uca e gostar\u00edamos que se poss\u00edvel vc divulgasse nossa matr\u00edcula que j\u00e1 se encontra aberta e nosso in\u00edcio letivo que se dar\u00e1 no dia 02 de mar\u00e7o. Somos uma escola de ensino m\u00e9dio regular, do 1\u00ba ao 3\u00ba ano, temos turno vespertino e noturno, em Serra [&hellip;]<\/p>\n","protected":false},"author":2,"featured_media":0,"comment_status":"open","ping_status":"open","sticky":false,"template":"","format":"standard","meta":{"_links_to":"","_links_to_target":""},"categories":[8],"tags":[],"_links":{"self":[{"href":"https:\/\/www.r2cpress.com.br\/v1\/wp-json\/wp\/v2\/posts\/91306"}],"collection":[{"href":"https:\/\/www.r2cpress.com.br\/v1\/wp-json\/wp\/v2\/posts"}],"about":[{"href":"https:\/\/www.r2cpress.com.br\/v1\/wp-json\/wp\/v2\/types\/post"}],"author":[{"embeddable":true,"href":"https:\/\/www.r2cpress.com.br\/v1\/wp-json\/wp\/v2\/users\/2"}],"replies":[{"embeddable":true,"href":"https:\/\/www.r2cpress.com.br\/v1\/wp-json\/wp\/v2\/comments?post=91306"}],"version-history":[{"count":2,"href":"https:\/\/www.r2cpress.com.br\/v1\/wp-json\/wp\/v2\/posts\/91306\/revisions"}],"predecessor-version":[{"id":91308,"href":"https:\/\/www.r2cpress.com.br\/v1\/wp-json\/wp\/v2\/posts\/91306\/revisions\/91308"}],"wp:attachment":[{"href":"https:\/\/www.r2cpress.com.br\/v1\/wp-json\/wp\/v2\/media?parent=91306"}],"wp:term":[{"taxonomy":"category","embeddable":true,"href":"https:\/\/www.r2cpress.com.br\/v1\/wp-json\/wp\/v2\/categories?post=91306"},{"taxonomy":"post_tag","embeddable":true,"href":"https:\/\/www.r2cpress.com.br\/v1\/wp-json\/wp\/v2\/tags?post=91306"}],"curies":[{"name":"wp","href":"https:\/\/api.w.org\/{rel}","templated":true}]}}