{"id":91385,"date":"2015-02-15T08:35:57","date_gmt":"2015-02-15T11:35:57","guid":{"rendered":"http:\/\/www.r2cpress.com.br\/v1\/?p=91385"},"modified":"2015-02-15T08:35:57","modified_gmt":"2015-02-15T11:35:57","slug":"no-gotas-de-paz-283","status":"publish","type":"post","link":"https:\/\/www.r2cpress.com.br\/v1\/2015\/02\/15\/no-gotas-de-paz-283\/","title":{"rendered":"No GOTAS DE PAZ"},"content":{"rendered":"<h1 class=\"entry-title post-title\" style=\"text-align: center;\"><span style=\"color: #000080;\"><strong>Consci\u00eancia da alma<\/strong><\/span><\/h1>\n<p style=\"text-align: center;\">Geralmente nos identificamos com o corpo mortal<br \/>\ne n\u00e3o com a entidade imortal, denominada<br \/>\n\u201calma\u201d, que de fato somos.<br \/>\nEsta crise de identidade \u00e9 a m\u00e3e de todas as<br \/>\ndemais crises. A alma \u00e9 um ser sens\u00edvel,<br \/>\num ponto de luz imperec\u00edvel.<br \/>\nE, como almas, nossas qualidades originais s\u00e3o<br \/>\no amor, a paz, a felicidade, a bem-aventuran\u00e7a.<br \/>\nQuando permanecemos na consci\u00eancia da alma,<br \/>\nusando o corpo como um instrumento, nos tornamos leves.<\/p>\n<p style=\"text-align: left;\"><span style=\"color: #000080;\"><strong>GOTAS DE PAZ:<\/strong><\/span><\/p>\n<p>http:\/\/www.gotasdepaz.com.br\/consciencia-da-alma\/?utm_source=Mensagem+15%2F02%2F2015&#038;utm_medium=email&#038;utm_campaign=Mensagem+15%2F02%2F2015<\/p>\n","protected":false},"excerpt":{"rendered":"<p>Consci\u00eancia da alma Geralmente nos identificamos com o corpo mortal e n\u00e3o com a entidade imortal, denominada \u201calma\u201d, que de fato somos. Esta crise de identidade \u00e9 a m\u00e3e de todas as demais crises. A alma \u00e9 um ser sens\u00edvel, um ponto de luz imperec\u00edvel. E, como almas, nossas qualidades originais s\u00e3o o amor, a [&hellip;]<\/p>\n","protected":false},"author":2,"featured_media":0,"comment_status":"open","ping_status":"open","sticky":false,"template":"","format":"standard","meta":{"_links_to":"","_links_to_target":""},"categories":[17],"tags":[],"_links":{"self":[{"href":"https:\/\/www.r2cpress.com.br\/v1\/wp-json\/wp\/v2\/posts\/91385"}],"collection":[{"href":"https:\/\/www.r2cpress.com.br\/v1\/wp-json\/wp\/v2\/posts"}],"about":[{"href":"https:\/\/www.r2cpress.com.br\/v1\/wp-json\/wp\/v2\/types\/post"}],"author":[{"embeddable":true,"href":"https:\/\/www.r2cpress.com.br\/v1\/wp-json\/wp\/v2\/users\/2"}],"replies":[{"embeddable":true,"href":"https:\/\/www.r2cpress.com.br\/v1\/wp-json\/wp\/v2\/comments?post=91385"}],"version-history":[{"count":1,"href":"https:\/\/www.r2cpress.com.br\/v1\/wp-json\/wp\/v2\/posts\/91385\/revisions"}],"predecessor-version":[{"id":91386,"href":"https:\/\/www.r2cpress.com.br\/v1\/wp-json\/wp\/v2\/posts\/91385\/revisions\/91386"}],"wp:attachment":[{"href":"https:\/\/www.r2cpress.com.br\/v1\/wp-json\/wp\/v2\/media?parent=91385"}],"wp:term":[{"taxonomy":"category","embeddable":true,"href":"https:\/\/www.r2cpress.com.br\/v1\/wp-json\/wp\/v2\/categories?post=91385"},{"taxonomy":"post_tag","embeddable":true,"href":"https:\/\/www.r2cpress.com.br\/v1\/wp-json\/wp\/v2\/tags?post=91385"}],"curies":[{"name":"wp","href":"https:\/\/api.w.org\/{rel}","templated":true}]}}