{"id":91457,"date":"2015-02-19T13:43:59","date_gmt":"2015-02-19T16:43:59","guid":{"rendered":"http:\/\/www.r2cpress.com.br\/v1\/?p=91457"},"modified":"2015-02-19T13:43:59","modified_gmt":"2015-02-19T16:43:59","slug":"parabens-walter-santos-2","status":"publish","type":"post","link":"https:\/\/www.r2cpress.com.br\/v1\/2015\/02\/19\/parabens-walter-santos-2\/","title":{"rendered":"Parab\u00e9ns, Walter Santos!!!!"},"content":{"rendered":"<h2 style=\"text-align: center;\"><span style=\"color: #000000;\"><strong>Walter Santos completando hoje &#8211; 19 de fevereiro &#8211; 60 anos de Idade.<\/strong><\/span><\/h2>\n<div id=\"attachment_91458\" style=\"width: 560px\" class=\"wp-caption aligncenter\"><a href=\"http:\/\/www.r2cpress.com.br\/v1\/wp-content\/uploads\/2015\/02\/walter-santos.jpg\"><img aria-describedby=\"caption-attachment-91458\" loading=\"lazy\" class=\"size-full wp-image-91458\" src=\"http:\/\/www.r2cpress.com.br\/v1\/wp-content\/uploads\/2015\/02\/walter-santos.jpg\" alt=\"Parab\u00e9ns!\" width=\"550\" height=\"384\" srcset=\"https:\/\/www.r2cpress.com.br\/v1\/wp-content\/uploads\/2015\/02\/walter-santos.jpg 550w, https:\/\/www.r2cpress.com.br\/v1\/wp-content\/uploads\/2015\/02\/walter-santos-300x209.jpg 300w\" sizes=\"(max-width: 550px) 100vw, 550px\" \/><\/a><p id=\"caption-attachment-91458\" class=\"wp-caption-text\">Parab\u00e9ns!<\/p><\/div>\n<p>\u00c9 funcion\u00e1rio estadual \u00a0h\u00e1 32 anos e est\u00e1 lotado no Hospital Geral Luiz Viana Filho prestando relevantes servi\u00e7os para a comunidade de Ilh\u00e9us e regi\u00e3o.<\/p>\n<p>Durante muitos anos prestou servi\u00e7o para a R\u00e1dio Santa Cruz de Ilh\u00e9us (AM 1090) onde aprendeu bastante e isso gra\u00e7as a ajuda da dire\u00e7\u00e3o da emissora e dos seus companheiros de jornada. Atualmente atua em duas emissoras da cidade: R\u00e1dio Bahiana (AM 1310) e Conquista FM (105,9).<\/p>\n<p>Parab\u00e9ns WALTER SANTOS pela passagem do seu anivers\u00e1rio, que Deus Ilumine os seus caminhos e lhe d\u00ea for\u00e7a e sa\u00fade.<\/p>\n<p>Que voc\u00ea, querido, continue prestando esse servi\u00e7o com dedica\u00e7\u00e3o e coragem transmitindo as ocorr\u00eancias registradas no Hospital Regional .<\/p>\n<p>Felicidades, grande amigo e companheiro.<\/p>\n","protected":false},"excerpt":{"rendered":"<p>Walter Santos completando hoje &#8211; 19 de fevereiro &#8211; 60 anos de Idade. \u00c9 funcion\u00e1rio estadual \u00a0h\u00e1 32 anos e est\u00e1 lotado no Hospital Geral Luiz Viana Filho prestando relevantes servi\u00e7os para a comunidade de Ilh\u00e9us e regi\u00e3o. Durante muitos anos prestou servi\u00e7o para a R\u00e1dio Santa Cruz de Ilh\u00e9us (AM 1090) onde aprendeu bastante [&hellip;]<\/p>\n","protected":false},"author":2,"featured_media":0,"comment_status":"open","ping_status":"open","sticky":false,"template":"","format":"standard","meta":{"_links_to":"","_links_to_target":""},"categories":[10],"tags":[],"_links":{"self":[{"href":"https:\/\/www.r2cpress.com.br\/v1\/wp-json\/wp\/v2\/posts\/91457"}],"collection":[{"href":"https:\/\/www.r2cpress.com.br\/v1\/wp-json\/wp\/v2\/posts"}],"about":[{"href":"https:\/\/www.r2cpress.com.br\/v1\/wp-json\/wp\/v2\/types\/post"}],"author":[{"embeddable":true,"href":"https:\/\/www.r2cpress.com.br\/v1\/wp-json\/wp\/v2\/users\/2"}],"replies":[{"embeddable":true,"href":"https:\/\/www.r2cpress.com.br\/v1\/wp-json\/wp\/v2\/comments?post=91457"}],"version-history":[{"count":4,"href":"https:\/\/www.r2cpress.com.br\/v1\/wp-json\/wp\/v2\/posts\/91457\/revisions"}],"predecessor-version":[{"id":91462,"href":"https:\/\/www.r2cpress.com.br\/v1\/wp-json\/wp\/v2\/posts\/91457\/revisions\/91462"}],"wp:attachment":[{"href":"https:\/\/www.r2cpress.com.br\/v1\/wp-json\/wp\/v2\/media?parent=91457"}],"wp:term":[{"taxonomy":"category","embeddable":true,"href":"https:\/\/www.r2cpress.com.br\/v1\/wp-json\/wp\/v2\/categories?post=91457"},{"taxonomy":"post_tag","embeddable":true,"href":"https:\/\/www.r2cpress.com.br\/v1\/wp-json\/wp\/v2\/tags?post=91457"}],"curies":[{"name":"wp","href":"https:\/\/api.w.org\/{rel}","templated":true}]}}