{"id":91482,"date":"2015-02-20T20:00:21","date_gmt":"2015-02-20T23:00:21","guid":{"rendered":"http:\/\/www.r2cpress.com.br\/v1\/?p=91482"},"modified":"2015-02-20T11:50:20","modified_gmt":"2015-02-20T14:50:20","slug":"do-fundo-do-bau-de-jose-leite-190","status":"publish","type":"post","link":"https:\/\/www.r2cpress.com.br\/v1\/2015\/02\/20\/do-fundo-do-bau-de-jose-leite-190\/","title":{"rendered":"DO FUNDO DO BA\u00da DE JOS\u00c9 LEITE"},"content":{"rendered":"<p><center><img loading=\"lazy\" src=\"http:\/\/www.r2cpress.com.br\/v1\/wp-content\/uploads\/Novo-visual-do-Bau_400L21.jpg\" width=\"400\" height=\"320\" class=\"aligncenter\" \/><br \/>\n<strong>1)\tILH\u00c9US PERDE UM DOS SEUS FILHOS MAIS QUERIDOS.<br \/>\n2)\tFAZENDO \u201cCORPO A CORPO\u201d EM S\u00c3O PAULO PELA REABILITA\u00c7\u00c3O.<br \/>\n3)\tAS FOTOS DESTAQUES DA SEMANA.<\/strong><\/center><\/p>\n<p><!--more--><\/p>\n<p><b><center>****************************************************************************<\/center><\/b><\/p>\n<p><b><center>1 &#8211; ILH\u00c9US PERDE UM DOS SEUS FILHOS MAIS QUERIDOS. <\/center><\/b><\/p>\n<p>Faleceu na madrugada da \u00faltima quarta feira (18-02-2015) RAIMUNDO KRUSCHEWSKY conhecido por todos os Ilheenses como \u201cBAR\u00c3O DE POPOFF\u201d ou simplesmente \u201cPOPOFF\u201d que por mais de 40 anos foi um dos EMBAIXADORES DO TURISMO DE ILH\u00c9US. N\u00e3o vamos falar muito porque muitos j\u00e1 falaram s\u00f3 coisas boas desse homem maravilhoso que sinto muito orgulho de ter sido SEU AMIGO. PARAB\u00c9NS POPOFF por tudo que voc\u00ea fez. A partir de hoje e nas pr\u00f3ximas semanas, postaremos algumas fotos dessa pessoa iluminada por DEUS. DESCANSE EM PAZ MEU AMIGO! Nasceu em 03-08-1925 e faleceu em 18-02-2015.<\/p>\n<div style=\"width: 610px\" class=\"wp-caption aligncenter\"><img loading=\"lazy\" src=\"https:\/\/lh4.googleusercontent.com\/-a7vBj3YotPY\/VOc3G_Z1utI\/AAAAAAABkV4\/86g2hs8t9UA\/s600\/1.jpeg\" width=\"600\" height=\"385\" class \/><p class=\"wp-caption-text\">POPOFF no CARNAVAL DOS RM (ROLA MURCH&#8230;) no ano de 2007 ladeado por JANETE LAINHA (Rainha) e o saudoso RENILDO NASCIMENTO (Rei Momo).<\/p><\/div>\n<div style=\"width: 610px\" class=\"wp-caption aligncenter\"><img loading=\"lazy\" src=\"https:\/\/lh5.googleusercontent.com\/-AQBxb4ZmL2E\/VOc3KCYBMEI\/AAAAAAABkW0\/tGhGJbkgqFQ\/s600\/2.jpeg\" width=\"600\" height=\"387\" class \/><p class=\"wp-caption-text\">FESTA DO CENTEN\u00c1RIO DE JORGE AMADO EM ILH\u00c9US (10-08-2012). Na foto JOS\u00c9 LEITE ladeado por POPOFF e seu filho JO\u00c3O (de chap\u00e9u), sua esposa e um amigo.<\/p><\/div>\n<div style=\"width: 610px\" class=\"wp-caption aligncenter\"><img loading=\"lazy\" src=\"https:\/\/lh3.googleusercontent.com\/-_2knlDogEm8\/VOc3KTSWfuI\/AAAAAAABkW4\/xBev5hnOCl8\/s600\/3.jpeg\" width=\"600\" height=\"388\" class \/><p class=\"wp-caption-text\">POPOFF ladeado pelos amigos de inf\u00e2ncia, (lado esquerdo) JOS\u00c9 BEZERRA e (lado direito) GUARANI ARARIPE. Aparece tamb\u00e9m JOS\u00c9 LEITE. (Foto: 19-05-2013).<\/p><\/div>\n<div style=\"width: 610px\" class=\"wp-caption aligncenter\"><img loading=\"lazy\" src=\"https:\/\/lh4.googleusercontent.com\/-ZevNX9qrYhM\/VOc3KswqwhI\/AAAAAAABkW8\/7ght37IyoQU\/s600\/4.jpeg\" width=\"600\" height=\"389\" class \/><p class=\"wp-caption-text\">POPOFF viajou para JUAZEIRO DO NORTE, chegando em PETROLINA falou para JOS\u00c9 LEITE: A MELANCIA DAQUI \u00c9 BOA. E N\u00c3O DEU OUTRA!<\/p><\/div>\n<div style=\"width: 352px\" class=\"wp-caption aligncenter\"><img loading=\"lazy\" src=\"https:\/\/lh4.googleusercontent.com\/-BViOt_t3gXQ\/VOc3LIgABhI\/AAAAAAABkXE\/LtgIXg6zmSU\/s500\/5.jpeg\" width=\"342\" height=\"500\" class \/><p class=\"wp-caption-text\">POPOFF em JUAZEIRO DO NORTE conversando com a est\u00e1tua do PADRE C\u00cdCERO. Meu amigo POPOFF era assim.<\/p><\/div>\n<div style=\"width: 610px\" class=\"wp-caption aligncenter\"><img loading=\"lazy\" src=\"https:\/\/lh3.googleusercontent.com\/-PfcpU-7-9zc\/VOc3Lu3VWqI\/AAAAAAABkXQ\/FEpRDwsaW4A\/s600\/6.jpeg\" width=\"600\" height=\"385\" class \/><p class=\"wp-caption-text\">POPOFF no BATACLAN recepcionando seu amigo FRAN\u00c7A, primo de JOS\u00c9 LEITE. Aparece na foto o amigo H\u00c9RCULES e JOS\u00c9 LEITE.<\/p><\/div>\n<p><b><center>2 \u2013 FAZENDO \u201cCORPO A CORPO\u201d EM S\u00c3O PAULO PELA REABILITA\u00c7\u00c3O. <\/center><\/b><\/p>\n<p>Sempre que JOS\u00c9 LEITE viaja para S\u00c3O PAULO e sabendo que a COL\u00d4NIA DE NORDESTINOS \u00e9 muito grande naquela metr\u00f3pole, n\u00e3o deixa de levar IMAGENS, ADESIVOS, IMPRESSOS para distribuir principalmente para os CEARENSES que trabalham naquela CAPITAL. Observe as fotos abaixo:<\/p>\n<div style=\"width: 610px\" class=\"wp-caption aligncenter\"><img loading=\"lazy\" src=\"https:\/\/lh5.googleusercontent.com\/-zZNmn1yq0es\/VOc3MPJR4kI\/AAAAAAABkXY\/irf9u88zGac\/s600\/7.jpeg\" width=\"600\" height=\"401\" class \/><p class=\"wp-caption-text\">JOS\u00c9 LEITE deu de presente uma IMAGEM do PADRE C\u00cdCERO a um dos s\u00f3cios da LANCHONETE \u201cUNI\u00c3O LANCHES\u201d.<\/p><\/div>\n<div style=\"width: 610px\" class=\"wp-caption aligncenter\"><img loading=\"lazy\" src=\"https:\/\/lh3.googleusercontent.com\/-CBHS7XSmlUM\/VOc3Mhct6sI\/AAAAAAABkXg\/mDHNtU-9lB0\/s600\/8.jpeg\" width=\"600\" height=\"389\" class \/><p class=\"wp-caption-text\">Adesivos colocados em LOJAS, LANCHONETES, MAGAZINES&#8230; JOS\u00c9 LEITE tamb\u00e9m quer o apoio dos NORDESTINOS e dos PAULISTAS para a REABILITA\u00c7\u00c3O DO PADRE C\u00cdCERO.<\/p><\/div>\n<div style=\"width: 610px\" class=\"wp-caption aligncenter\"><img loading=\"lazy\" src=\"https:\/\/lh6.googleusercontent.com\/-J910oGgrMr8\/VOc3M7q7dVI\/AAAAAAABkXk\/F4emmLHmcT8\/s600\/9.jpeg\" width=\"600\" height=\"416\" class \/><p class=\"wp-caption-text\">Muitos CEARENSES que moram em S\u00c3O PAULO tamb\u00e9m querem a REABILITA\u00c7\u00c3O DO MEU PADIM, como o H\u00c9LIO, s\u00f3cio de uma LANCHONETE.<\/p><\/div>\n<p><b><center>3 \u2013 AS FOTOS DESTAQUES DA SEMANA<\/center><\/b><\/p>\n<div style=\"width: 610px\" class=\"wp-caption aligncenter\"><img loading=\"lazy\" src=\"https:\/\/lh3.googleusercontent.com\/-RCdSlJmAyk0\/VOc3HR1u7FI\/AAAAAAABkWE\/O_F6TrHf35w\/s600\/10.jpeg\" width=\"600\" height=\"406\" class \/><p class=\"wp-caption-text\">TUDO COMO ESTAVA PREVISTO: CARNAVAL DOS RM (ROLA MURCH&#8230;) FOI SUCESSO TOTAL. Aconteceu no s\u00e1bado de CARNAVAL (14-02-2015). Na foto: JOS\u00c9 LEITE com os amigos MARCO TAVARES (Sobrinho do saudoso MANCHINHA, grande Carnavalesco do passado). MARCO estava acompanhado da sua esposa RHEIZZ PALMARES (Foto).<\/p><\/div>\n<div style=\"width: 610px\" class=\"wp-caption aligncenter\"><img loading=\"lazy\" src=\"https:\/\/lh4.googleusercontent.com\/-StYOWt_D0Cg\/VOc3HWaX2PI\/AAAAAAABkWI\/HN-8xuwNvYo\/s600\/11.jpg\" width=\"600\" height=\"338\" class \/><p class=\"wp-caption-text\">CARNAVAL DOS RM (ROLA MURCH&#8230;). Na foto: JOS\u00c9 LEITE, Cap. JO\u00c3O CARLOS e JOS\u00c9 CARLOS JR. Foto clicada na BARRAKITIKA. (14-02-2015).<\/p><\/div>\n<div style=\"width: 353px\" class=\"wp-caption aligncenter\"><img loading=\"lazy\" src=\"https:\/\/lh5.googleusercontent.com\/-b2D5kvc12Xg\/VOc3H_nuUTI\/AAAAAAABkWM\/7gpE-RM9-Mk\/s500\/12.jpeg\" width=\"343\" height=\"500\" class \/><p class=\"wp-caption-text\">LIB\u00c9RIO MENEZES FILHO, s\u00f3cio de carteirinha dos RM (ROLA MURCH&#8230;). S\u00f3 saiu no final.<\/p><\/div>\n<div style=\"width: 610px\" class=\"wp-caption aligncenter\"><img loading=\"lazy\" src=\"https:\/\/lh5.googleusercontent.com\/-d4z-N19Dc64\/VOc3IqTv2lI\/AAAAAAABkWY\/JnKcKJSFrhM\/s600\/13.jpeg\" width=\"600\" height=\"410\" class \/><p class=\"wp-caption-text\">O Tradicional BLOCO \u201cOS CARETAS\u201d fizeram a festa na AVENIDA SOARES LOPES.<\/p><\/div>\n<div style=\"width: 310px\" class=\"wp-caption aligncenter\"><img loading=\"lazy\" src=\"https:\/\/lh3.googleusercontent.com\/-wVU8Lna8xu8\/VOc3I23U_8I\/AAAAAAABkWc\/olbF4WUM5l8\/s300\/14.jpg\" width=\"300\" height=\"224\" class \/><p class=\"wp-caption-text\">Tamb\u00e9m lamentamos profundamente o falecimento do amigo \u00c9LVIO MENESES \u201cELVINHO\u201d para os amigos. Foram duas perdas irrepar\u00e1veis nesta \u00faltima quarta feira de cinzas (18-02-2015). Na foto: ELVINHO e sua esposa sentados, e uma amiga.<\/p><\/div>\n<p><b><center>E NO MAIS&#8230; <\/center><\/b><\/p>\n<div style=\"width: 610px\" class=\"wp-caption aligncenter\"><img loading=\"lazy\" src=\"https:\/\/lh3.googleusercontent.com\/-0BNWkyQ_86U\/VOc3JSCGUdI\/AAAAAAABkWk\/XEtpMQgOgwE\/s600\/15.jpeg\" width=\"600\" height=\"397\" class \/><p class=\"wp-caption-text\">PARAB\u00c9NS para a TURMA JOVEM DE ILH\u00c9US que curtiu o CARNAVAL, principalmente para aqueles que s\u00e3o levados pelo som dos MINI TRIOS, brincando com muita alegria e VIOL\u00caNCIA ZERO.<br \/>\nESSE \u00c9 O NOSSO CARNAVAL DE ILH\u00c9US!<br \/><\/p><\/div>\n<p>&#8212;<br \/>\n<span style=\"color: blue;\"><b>Para ver o BA\u00da da semana passada clique<\/b><a href=\"http:\/\/www.r2cpress.com.br\/v1\/2015\/02\/13\/do-fundo-do-bau-de-jose-leite-189\/\" target=\"_news\"><b> AQUI.<\/b><\/a><\/span><\/p>\n<p>&#8212;<br \/>\nTexto e fotos: Jos\u00e9 Leite de Souza<br \/>\njleitesouza@hotmail.com<br \/>\n(73) 3634-3134<\/p>\n","protected":false},"excerpt":{"rendered":"<p>1) ILH\u00c9US PERDE UM DOS SEUS FILHOS MAIS QUERIDOS. 2) FAZENDO \u201cCORPO A CORPO\u201d EM S\u00c3O PAULO PELA REABILITA\u00c7\u00c3O. 3) AS FOTOS DESTAQUES DA SEMANA.<\/p>\n","protected":false},"author":2,"featured_media":0,"comment_status":"open","ping_status":"open","sticky":false,"template":"","format":"standard","meta":{"_links_to":"","_links_to_target":""},"categories":[10],"tags":[],"_links":{"self":[{"href":"https:\/\/www.r2cpress.com.br\/v1\/wp-json\/wp\/v2\/posts\/91482"}],"collection":[{"href":"https:\/\/www.r2cpress.com.br\/v1\/wp-json\/wp\/v2\/posts"}],"about":[{"href":"https:\/\/www.r2cpress.com.br\/v1\/wp-json\/wp\/v2\/types\/post"}],"author":[{"embeddable":true,"href":"https:\/\/www.r2cpress.com.br\/v1\/wp-json\/wp\/v2\/users\/2"}],"replies":[{"embeddable":true,"href":"https:\/\/www.r2cpress.com.br\/v1\/wp-json\/wp\/v2\/comments?post=91482"}],"version-history":[{"count":1,"href":"https:\/\/www.r2cpress.com.br\/v1\/wp-json\/wp\/v2\/posts\/91482\/revisions"}],"predecessor-version":[{"id":91483,"href":"https:\/\/www.r2cpress.com.br\/v1\/wp-json\/wp\/v2\/posts\/91482\/revisions\/91483"}],"wp:attachment":[{"href":"https:\/\/www.r2cpress.com.br\/v1\/wp-json\/wp\/v2\/media?parent=91482"}],"wp:term":[{"taxonomy":"category","embeddable":true,"href":"https:\/\/www.r2cpress.com.br\/v1\/wp-json\/wp\/v2\/categories?post=91482"},{"taxonomy":"post_tag","embeddable":true,"href":"https:\/\/www.r2cpress.com.br\/v1\/wp-json\/wp\/v2\/tags?post=91482"}],"curies":[{"name":"wp","href":"https:\/\/api.w.org\/{rel}","templated":true}]}}