{"id":91502,"date":"2015-02-21T09:19:38","date_gmt":"2015-02-21T12:19:38","guid":{"rendered":"http:\/\/www.r2cpress.com.br\/v1\/?p=91502"},"modified":"2015-02-21T09:19:38","modified_gmt":"2015-02-21T12:19:38","slug":"no-gotas-de-paz-286","status":"publish","type":"post","link":"https:\/\/www.r2cpress.com.br\/v1\/2015\/02\/21\/no-gotas-de-paz-286\/","title":{"rendered":"No GOTAS DE PAZ"},"content":{"rendered":"<h1 class=\"entry-title post-title\" style=\"text-align: center;\"><span style=\"color: #000080;\"><strong>N\u00f3s e a afinidade<\/strong><\/span><\/h1>\n<p style=\"text-align: center;\">Estamos sempre buscando o melhor para nossos dias,<br \/>\nmuitas vezes nos decepcionamos com as pessoas que nos rodeiam<br \/>\ne que compartilham conosco a nossa vida.<br \/>\nIsso acontece porque n\u00e3o temos afinidade de pensamentos e sentimentos,<br \/>\nmuitas vezes cobramos do outro um sentimento que n\u00e3o cabe a ele<br \/>\nretribuir a n\u00f3s e por isso nos decepcionamos, mas n\u00e3o nos damos conta<br \/>\nque n\u00e3o temos a afinidade como ponto de partida nesta rela\u00e7\u00e3o,<br \/>\nque pode ter sido apenas para fins materiais e n\u00e3o de sentimentos<br \/>\nverdadeiros visando \u00e0 paz emocional e espiritual.<br \/>\nN\u00e3o nos damos conta de que o que nos une verdadeiramente ao outro<br \/>\n\u00e9 o sentimento do Amor e cumplicidade.<br \/>\nE conseguimos chegar neste est\u00e1gio, quando nos doamos verdadeiramente<br \/>\naos nossos melhores sentimentos sem cobran\u00e7as.<br \/>\nPorque a afinidade independe de sermos perfeitos em nossa trajet\u00f3ria,<br \/>\ndepende sim dos sentimentos que temos em nossos cora\u00e7\u00f5es em rela\u00e7\u00e3o<br \/>\n\u00e0queles que queremos ao nosso lado.<br \/>\nSomente a afinidade pode transcender o tempo e a dist\u00e2ncia,<br \/>\nporque a partir do momento em que nos encontramos novamente,<br \/>\na sensa\u00e7\u00e3o \u00e9 de que nunca fomos separados.<br \/>\nAfinidade \u00e9 acima de tudo, respeito, amor e cumplicidade.<\/p>\n<p style=\"text-align: left;\"><span style=\"color: #000080;\"><strong>GOTAS DE PAZ:<\/strong><\/span><\/p>\n<p>http:\/\/www.gotasdepaz.com.br\/nos-e-a-afinidade\/?utm_source=Mensagem+21%2F02%2F2015&#038;utm_medium=email&#038;utm_campaign=Mensagem+21%2F02%2F2015<\/p>\n<p style=\"text-align: left;\">\n","protected":false},"excerpt":{"rendered":"<p>N\u00f3s e a afinidade Estamos sempre buscando o melhor para nossos dias, muitas vezes nos decepcionamos com as pessoas que nos rodeiam e que compartilham conosco a nossa vida. Isso acontece porque n\u00e3o temos afinidade de pensamentos e sentimentos, muitas vezes cobramos do outro um sentimento que n\u00e3o cabe a ele retribuir a n\u00f3s e [&hellip;]<\/p>\n","protected":false},"author":2,"featured_media":0,"comment_status":"open","ping_status":"open","sticky":false,"template":"","format":"standard","meta":{"_links_to":"","_links_to_target":""},"categories":[17],"tags":[],"_links":{"self":[{"href":"https:\/\/www.r2cpress.com.br\/v1\/wp-json\/wp\/v2\/posts\/91502"}],"collection":[{"href":"https:\/\/www.r2cpress.com.br\/v1\/wp-json\/wp\/v2\/posts"}],"about":[{"href":"https:\/\/www.r2cpress.com.br\/v1\/wp-json\/wp\/v2\/types\/post"}],"author":[{"embeddable":true,"href":"https:\/\/www.r2cpress.com.br\/v1\/wp-json\/wp\/v2\/users\/2"}],"replies":[{"embeddable":true,"href":"https:\/\/www.r2cpress.com.br\/v1\/wp-json\/wp\/v2\/comments?post=91502"}],"version-history":[{"count":1,"href":"https:\/\/www.r2cpress.com.br\/v1\/wp-json\/wp\/v2\/posts\/91502\/revisions"}],"predecessor-version":[{"id":91503,"href":"https:\/\/www.r2cpress.com.br\/v1\/wp-json\/wp\/v2\/posts\/91502\/revisions\/91503"}],"wp:attachment":[{"href":"https:\/\/www.r2cpress.com.br\/v1\/wp-json\/wp\/v2\/media?parent=91502"}],"wp:term":[{"taxonomy":"category","embeddable":true,"href":"https:\/\/www.r2cpress.com.br\/v1\/wp-json\/wp\/v2\/categories?post=91502"},{"taxonomy":"post_tag","embeddable":true,"href":"https:\/\/www.r2cpress.com.br\/v1\/wp-json\/wp\/v2\/tags?post=91502"}],"curies":[{"name":"wp","href":"https:\/\/api.w.org\/{rel}","templated":true}]}}