{"id":91504,"date":"2015-02-21T20:10:50","date_gmt":"2015-02-21T23:10:50","guid":{"rendered":"http:\/\/www.r2cpress.com.br\/v1\/?p=91504"},"modified":"2015-02-21T20:10:50","modified_gmt":"2015-02-21T23:10:50","slug":"em-comemoracao-aos-90-anos-da-paroquia-sagrado-coracao-itajuipe-tera-show-com-a-cantora-adriana-arydes","status":"publish","type":"post","link":"https:\/\/www.r2cpress.com.br\/v1\/2015\/02\/21\/em-comemoracao-aos-90-anos-da-paroquia-sagrado-coracao-itajuipe-tera-show-com-a-cantora-adriana-arydes\/","title":{"rendered":"Em Comemora\u00e7\u00e3o aos 90 anos da Par\u00f3quia Sagrado Cora\u00e7\u00e3o, Itaju\u00edpe ter\u00e1 Show com a Cantora Adriana Arydes."},"content":{"rendered":"<div id=\"attachment_91505\" style=\"width: 293px\" class=\"wp-caption alignright\"><a href=\"http:\/\/www.r2cpress.com.br\/v1\/wp-content\/uploads\/2015\/02\/Adriana-Arydes.jpg\"><img aria-describedby=\"caption-attachment-91505\" loading=\"lazy\" class=\"size-full wp-image-91505\" src=\"http:\/\/www.r2cpress.com.br\/v1\/wp-content\/uploads\/2015\/02\/Adriana-Arydes.jpg\" alt=\"Adriana Arydes\" width=\"283\" height=\"285\" srcset=\"https:\/\/www.r2cpress.com.br\/v1\/wp-content\/uploads\/2015\/02\/Adriana-Arydes.jpg 283w, https:\/\/www.r2cpress.com.br\/v1\/wp-content\/uploads\/2015\/02\/Adriana-Arydes-150x150.jpg 150w\" sizes=\"(max-width: 283px) 100vw, 283px\" \/><\/a><p id=\"caption-attachment-91505\" class=\"wp-caption-text\">Adriana Arydes<\/p><\/div>\n<p>Os preparativos para a Celebra\u00e7\u00e3o dos 90 anos da Par\u00f3quia Sagrado Cora\u00e7\u00e3o de Jesus em Itaju\u00edpe tem alegrado os fi\u00e9is que em ritmo de comemora\u00e7\u00e3o, relembram o processo de constru\u00e7\u00e3o da Matriz e os desafios ainda encontrados para a conclus\u00e3o da reforma da par\u00f3quia.<\/p>\n<p>Estima-se al\u00e9m dos itajuipenses, um p\u00fablico cat\u00f3lico das cidades de Itabuna, Ilh\u00e9us, Almadina, Coaraci, Itapitanga, Lomanto Junior, Ubaitaba, Gand\u00fa, dentre outras comunidades, no grande show programado para o dia <em><strong>21 de mar\u00e7o, \u00e0s 19h00<\/strong><\/em> no Clube Kamu\u00e1 com a participa\u00e7\u00e3o especial de Adriana Arydes, cantora e compositora pertencente a TV Can\u00e7\u00e3o Nova.<\/p>\n<p>A comiss\u00e3o organizadora da Semana Jubilar, evento este que inicia suas atividades no dia <em><strong>15 indo at\u00e9 21 de mar\u00e7o<\/strong><\/em>, informa que a quantidade de ingressos \u00e9 limitada e que os mesmos j\u00e1 encontram-se dispon\u00edveis \u00e0 venda. Para as Comunidades que desejam formar caravana em virtude da participa\u00e7\u00e3o tamb\u00e9m da Missa Solene do dia 20 de mar\u00e7o \u00e9 necess\u00e1rio entrar em contato com a secretaria da par\u00f3quia, pessoalmente ou ent\u00e3o pelo do telefone. Reserve logo o seu passaporte, segue rela\u00e7\u00e3o dos pontos de venda:<\/p>\n<p><em>Itaju\u00edpe-Ba Secretaria da Par\u00f3quia &gt; (73) 3238 \u2013 1744.<\/em><\/p>\n<p><em>Itaju\u00edpe-Ba Representantes dos grupos de evangeliza\u00e7\u00e3o<\/em><\/p>\n<p><em>Itaju\u00edpe-Ba \u00d3tica Boa Vis\u00e3o<\/em><\/p>\n<p><em>Itabuna-Ba Loja da Can\u00e7\u00e3o Nova- Cinquenten\u00e1rio<\/em><\/p>\n<p><em>Itabuna-Ba Valdenir \u2013 Diretor Geral do Portal Cat\u00f3lico.net<\/em><\/p>\n<p><strong><em>Por Alana Rodrigues<\/em><\/strong><\/p>\n","protected":false},"excerpt":{"rendered":"<p>Os preparativos para a Celebra\u00e7\u00e3o dos 90 anos da Par\u00f3quia Sagrado Cora\u00e7\u00e3o de Jesus em Itaju\u00edpe tem alegrado os fi\u00e9is que em ritmo de comemora\u00e7\u00e3o, relembram o processo de constru\u00e7\u00e3o da Matriz e os desafios ainda encontrados para a conclus\u00e3o da reforma da par\u00f3quia. Estima-se al\u00e9m dos itajuipenses, um p\u00fablico cat\u00f3lico das cidades de Itabuna, [&hellip;]<\/p>\n","protected":false},"author":2,"featured_media":0,"comment_status":"open","ping_status":"open","sticky":false,"template":"","format":"standard","meta":{"_links_to":"","_links_to_target":""},"categories":[28],"tags":[],"_links":{"self":[{"href":"https:\/\/www.r2cpress.com.br\/v1\/wp-json\/wp\/v2\/posts\/91504"}],"collection":[{"href":"https:\/\/www.r2cpress.com.br\/v1\/wp-json\/wp\/v2\/posts"}],"about":[{"href":"https:\/\/www.r2cpress.com.br\/v1\/wp-json\/wp\/v2\/types\/post"}],"author":[{"embeddable":true,"href":"https:\/\/www.r2cpress.com.br\/v1\/wp-json\/wp\/v2\/users\/2"}],"replies":[{"embeddable":true,"href":"https:\/\/www.r2cpress.com.br\/v1\/wp-json\/wp\/v2\/comments?post=91504"}],"version-history":[{"count":1,"href":"https:\/\/www.r2cpress.com.br\/v1\/wp-json\/wp\/v2\/posts\/91504\/revisions"}],"predecessor-version":[{"id":91506,"href":"https:\/\/www.r2cpress.com.br\/v1\/wp-json\/wp\/v2\/posts\/91504\/revisions\/91506"}],"wp:attachment":[{"href":"https:\/\/www.r2cpress.com.br\/v1\/wp-json\/wp\/v2\/media?parent=91504"}],"wp:term":[{"taxonomy":"category","embeddable":true,"href":"https:\/\/www.r2cpress.com.br\/v1\/wp-json\/wp\/v2\/categories?post=91504"},{"taxonomy":"post_tag","embeddable":true,"href":"https:\/\/www.r2cpress.com.br\/v1\/wp-json\/wp\/v2\/tags?post=91504"}],"curies":[{"name":"wp","href":"https:\/\/api.w.org\/{rel}","templated":true}]}}