{"id":91609,"date":"2015-02-24T23:46:42","date_gmt":"2015-02-25T02:46:42","guid":{"rendered":"http:\/\/www.r2cpress.com.br\/v1\/?p=91609"},"modified":"2015-02-24T23:46:42","modified_gmt":"2015-02-25T02:46:42","slug":"vem-louvar-verao-4","status":"publish","type":"post","link":"https:\/\/www.r2cpress.com.br\/v1\/2015\/02\/24\/vem-louvar-verao-4\/","title":{"rendered":"Vem Louvar Ver\u00e3o"},"content":{"rendered":"<p>Edi\u00e7\u00e3o 2015 do Projeto \u201c<strong>Vem Louvar Ver\u00e3o<\/strong>\u201d levou cerca de 15 mil pessoas a Avenida Soares Lopes em Ilh\u00e9us.<\/p>\n<div id=\"attachment_91610\" style=\"width: 560px\" class=\"wp-caption aligncenter\"><a href=\"http:\/\/www.r2cpress.com.br\/v1\/wp-content\/uploads\/2015\/02\/VEM-LOUVAR-VER\u00c3O-2015_ALBERTO-BICHARA.jpg\"><img aria-describedby=\"caption-attachment-91610\" loading=\"lazy\" class=\"size-full wp-image-91610\" src=\"http:\/\/www.r2cpress.com.br\/v1\/wp-content\/uploads\/2015\/02\/VEM-LOUVAR-VER\u00c3O-2015_ALBERTO-BICHARA.jpg\" alt=\"2015\" width=\"550\" height=\"226\" srcset=\"https:\/\/www.r2cpress.com.br\/v1\/wp-content\/uploads\/2015\/02\/VEM-LOUVAR-VER\u00c3O-2015_ALBERTO-BICHARA.jpg 550w, https:\/\/www.r2cpress.com.br\/v1\/wp-content\/uploads\/2015\/02\/VEM-LOUVAR-VER\u00c3O-2015_ALBERTO-BICHARA-300x123.jpg 300w\" sizes=\"(max-width: 550px) 100vw, 550px\" \/><\/a><p id=\"caption-attachment-91610\" class=\"wp-caption-text\">2015<\/p><\/div>\n<p>Al\u00e9m do Lind Louvor e dos cantores Lucas Gois e Rog\u00e9rio D\u2019Lucca, o evento contou mais uma vez com a participa\u00e7\u00e3o do cantor, compositor Irm\u00e3o L\u00e1zaro.<\/p>\n<p>Cerca de quinze mil pessoas de Ilh\u00e9us e outras cidades prestigiaram a 13\u00aa edi\u00e7\u00e3o do \u201cVem Louvar Ver\u00e3o\u201d, projeto gospel realizado neste fim de semana, 21 e 22.<\/p>\n<p>O evento foi promovido pelo empres\u00e1rio Paulo S\u00e9rgio dos Santos (Ceo) e a Igreja Batista Lindin\u00f3polis.<\/p>\n<p>A primeira noite do evento, no s\u00e1bado, 21, atraiu cerca de 10 mil pessoas \u00e0 Avenida Soares Lopes. Ap\u00f3s a palavra inicial de Paulo Ceo e da ora\u00e7\u00e3o feita pelo Pastor Pedro de Jesus Chagas, o cantor Irm\u00e3o L\u00e1zaro subiu ao palco.<\/p>\n<p>\u201cEste \u00e9 um projeto que nasceu no cora\u00e7\u00e3o de Deus para promover a comunh\u00e3o, a integra\u00e7\u00e3o e a evangeliza\u00e7\u00e3o. Por isso, o \u2018Vem Louvar Ver\u00e3o\u2019 permanece sendo um belo palco para o louvor, a dan\u00e7a e a produ\u00e7\u00e3o de testemunhos\u201d, comenta Paulo Ceo. Para os pr\u00f3ximos anos, prossegue o coordenador, a ideia \u00e9 fortalecer ainda mais o projeto, que tem mostrado a for\u00e7a e o poder de atra\u00e7\u00e3o do Evangelho. \u201cVia de regra, os evang\u00e9licos n\u00e3o participam de alguns eventos que comp\u00f5em o calend\u00e1rio de festas do munic\u00edpio, como Carnaval e S\u00e3o Jo\u00e3o. Entre outros objetivos, o \u201cVem Louvar Ver\u00e3o\u201d veio para suprir essa lacuna. Ou seja, para disponibilizar uma op\u00e7\u00e3o de lazer para o povo de Deus, principalmente para a juventude crist\u00e3\u201d. Agradecemos a todos e Glorificamos a Deus pela oportunidade poder Louv\u00e1-lo.<\/p>\n<p><strong>\u00c1lbum Fotos <\/strong><a href=\"http:\/\/www.lindinopolis.org.br\/galeria_fotos.php?album=772-Vem%20Louvar%20Verao-2015\"><strong>AQUI<\/strong><\/a><strong>.<\/strong><\/p>\n","protected":false},"excerpt":{"rendered":"<p>Edi\u00e7\u00e3o 2015 do Projeto \u201cVem Louvar Ver\u00e3o\u201d levou cerca de 15 mil pessoas a Avenida Soares Lopes em Ilh\u00e9us. Al\u00e9m do Lind Louvor e dos cantores Lucas Gois e Rog\u00e9rio D\u2019Lucca, o evento contou mais uma vez com a participa\u00e7\u00e3o do cantor, compositor Irm\u00e3o L\u00e1zaro. Cerca de quinze mil pessoas de Ilh\u00e9us e outras cidades [&hellip;]<\/p>\n","protected":false},"author":2,"featured_media":0,"comment_status":"open","ping_status":"open","sticky":false,"template":"","format":"standard","meta":{"_links_to":"","_links_to_target":""},"categories":[28],"tags":[],"_links":{"self":[{"href":"https:\/\/www.r2cpress.com.br\/v1\/wp-json\/wp\/v2\/posts\/91609"}],"collection":[{"href":"https:\/\/www.r2cpress.com.br\/v1\/wp-json\/wp\/v2\/posts"}],"about":[{"href":"https:\/\/www.r2cpress.com.br\/v1\/wp-json\/wp\/v2\/types\/post"}],"author":[{"embeddable":true,"href":"https:\/\/www.r2cpress.com.br\/v1\/wp-json\/wp\/v2\/users\/2"}],"replies":[{"embeddable":true,"href":"https:\/\/www.r2cpress.com.br\/v1\/wp-json\/wp\/v2\/comments?post=91609"}],"version-history":[{"count":1,"href":"https:\/\/www.r2cpress.com.br\/v1\/wp-json\/wp\/v2\/posts\/91609\/revisions"}],"predecessor-version":[{"id":91611,"href":"https:\/\/www.r2cpress.com.br\/v1\/wp-json\/wp\/v2\/posts\/91609\/revisions\/91611"}],"wp:attachment":[{"href":"https:\/\/www.r2cpress.com.br\/v1\/wp-json\/wp\/v2\/media?parent=91609"}],"wp:term":[{"taxonomy":"category","embeddable":true,"href":"https:\/\/www.r2cpress.com.br\/v1\/wp-json\/wp\/v2\/categories?post=91609"},{"taxonomy":"post_tag","embeddable":true,"href":"https:\/\/www.r2cpress.com.br\/v1\/wp-json\/wp\/v2\/tags?post=91609"}],"curies":[{"name":"wp","href":"https:\/\/api.w.org\/{rel}","templated":true}]}}