{"id":91615,"date":"2015-02-25T10:43:11","date_gmt":"2015-02-25T13:43:11","guid":{"rendered":"http:\/\/www.r2cpress.com.br\/v1\/?p=91615"},"modified":"2015-02-25T10:43:11","modified_gmt":"2015-02-25T13:43:11","slug":"exercito-brasileiro","status":"publish","type":"post","link":"https:\/\/www.r2cpress.com.br\/v1\/2015\/02\/25\/exercito-brasileiro\/","title":{"rendered":"Ex\u00e9rcito Brasileiro"},"content":{"rendered":"<p style=\"text-align: center;\"><strong>MINIST\u00c9RIO DA DEFESA<\/strong><\/p>\n<p style=\"text-align: center;\"><strong>EX\u00c9RCITO BRASILEIRO<\/strong><\/p>\n<p style=\"text-align: center;\"><strong>C M NE\u00a0\u00a0\u00a0\u00a0\u00a0\u00a0\u00a0\u00a0\u00a0\u00a0 &#8211;\u00a0\u00a0\u00a0\u00a0\u00a0\u00a0\u00a0\u00a0\u00a0\u00a0 6\u00aa RM<\/strong><\/p>\n<p style=\"text-align: center;\"><strong>18\u00aa CIRCUNSCRI\u00c7\u00c3O DE SERVI\u00c7O MILITAR<\/strong><\/p>\n<p><strong>\u00a0<\/strong><\/p>\n<p><strong>\u00a0<\/strong><strong>RELEASE<\/strong><\/p>\n<h1 style=\"text-align: center;\"><span style=\"color: #000000;\"><strong>\u00a0<\/strong><strong>CORRIDA DA PAZ 2015<\/strong><\/span><\/h1>\n<p>A 18\u00aa Circunscri\u00e7\u00e3o de Servi\u00e7o Militar (18\u00aa CSM) estar\u00e1 realizando no dia 1<strong>\u00ba de mar\u00e7o de 2015 (domingo), \u00e0s 08:00 horas, na Avenida Soares Lopes<\/strong>,\u00a0 a 9\u00aa edi\u00e7\u00e3o da \u201cCorrida da Paz\u201d na guarni\u00e7\u00e3o de Ilh\u00e9us-BA.<\/p>\n<p>O evento foi criado pela Comiss\u00e3o de Desportos Militares do Brasil (CDMB), \u00f3rg\u00e3o vinculado ao Minist\u00e9rio da Defesa, no ano de 2006 e tem como objetivo realizar o congra\u00e7amento entre militares das tr\u00eas For\u00e7as e a sociedade, bem como colaborar para a paz mundial.<\/p>\n<p>A atividade consiste em uma corrida ou caminhada sem car\u00e1ter competitivo e ser\u00e1 realizada na Avenida Soares Lopes, com um aquecimento centralizado a partir das 08:00 horas em frente ao Centro de Conven\u00e7\u00f5es. Haver\u00e1 premia\u00e7\u00e3o para destaques.<\/p>\n<p style=\"text-align: center;\"><strong>Informa\u00e7\u00f5es<\/strong>: Se\u00e7\u00e3o de Comunica\u00e7\u00e3o Social da 18\u00aa CSM<\/p>\n<p style=\"text-align: center;\"><strong>Telefone<\/strong>: (73) 3634-4826<\/p>\n<p style=\"text-align: center;\"><strong>E<\/strong>&#8211;<strong>mail<\/strong>: comsoc18csm@gmail.com<\/p>\n","protected":false},"excerpt":{"rendered":"<p>MINIST\u00c9RIO DA DEFESA EX\u00c9RCITO BRASILEIRO C M NE\u00a0\u00a0\u00a0\u00a0\u00a0\u00a0\u00a0\u00a0\u00a0\u00a0 &#8211;\u00a0\u00a0\u00a0\u00a0\u00a0\u00a0\u00a0\u00a0\u00a0\u00a0 6\u00aa RM 18\u00aa CIRCUNSCRI\u00c7\u00c3O DE SERVI\u00c7O MILITAR \u00a0 \u00a0RELEASE \u00a0CORRIDA DA PAZ 2015 A 18\u00aa Circunscri\u00e7\u00e3o de Servi\u00e7o Militar (18\u00aa CSM) estar\u00e1 realizando no dia 1\u00ba de mar\u00e7o de 2015 (domingo), \u00e0s 08:00 horas, na Avenida Soares Lopes,\u00a0 a 9\u00aa edi\u00e7\u00e3o da \u201cCorrida da Paz\u201d na [&hellip;]<\/p>\n","protected":false},"author":2,"featured_media":0,"comment_status":"open","ping_status":"open","sticky":false,"template":"","format":"standard","meta":{"_links_to":"","_links_to_target":""},"categories":[18],"tags":[],"_links":{"self":[{"href":"https:\/\/www.r2cpress.com.br\/v1\/wp-json\/wp\/v2\/posts\/91615"}],"collection":[{"href":"https:\/\/www.r2cpress.com.br\/v1\/wp-json\/wp\/v2\/posts"}],"about":[{"href":"https:\/\/www.r2cpress.com.br\/v1\/wp-json\/wp\/v2\/types\/post"}],"author":[{"embeddable":true,"href":"https:\/\/www.r2cpress.com.br\/v1\/wp-json\/wp\/v2\/users\/2"}],"replies":[{"embeddable":true,"href":"https:\/\/www.r2cpress.com.br\/v1\/wp-json\/wp\/v2\/comments?post=91615"}],"version-history":[{"count":1,"href":"https:\/\/www.r2cpress.com.br\/v1\/wp-json\/wp\/v2\/posts\/91615\/revisions"}],"predecessor-version":[{"id":91616,"href":"https:\/\/www.r2cpress.com.br\/v1\/wp-json\/wp\/v2\/posts\/91615\/revisions\/91616"}],"wp:attachment":[{"href":"https:\/\/www.r2cpress.com.br\/v1\/wp-json\/wp\/v2\/media?parent=91615"}],"wp:term":[{"taxonomy":"category","embeddable":true,"href":"https:\/\/www.r2cpress.com.br\/v1\/wp-json\/wp\/v2\/categories?post=91615"},{"taxonomy":"post_tag","embeddable":true,"href":"https:\/\/www.r2cpress.com.br\/v1\/wp-json\/wp\/v2\/tags?post=91615"}],"curies":[{"name":"wp","href":"https:\/\/api.w.org\/{rel}","templated":true}]}}