{"id":91651,"date":"2015-02-25T20:54:32","date_gmt":"2015-02-25T23:54:32","guid":{"rendered":"http:\/\/www.r2cpress.com.br\/v1\/?p=91651"},"modified":"2015-02-25T20:54:32","modified_gmt":"2015-02-25T23:54:32","slug":"diretor-geral-realiza-primeira-reuniao-no-grupo-operacional-de-emergencia-fitossanitaria-do-oeste","status":"publish","type":"post","link":"https:\/\/www.r2cpress.com.br\/v1\/2015\/02\/25\/diretor-geral-realiza-primeira-reuniao-no-grupo-operacional-de-emergencia-fitossanitaria-do-oeste\/","title":{"rendered":"Diretor-geral realiza primeira reuni\u00e3o no Grupo Operacional de Emerg\u00eancia Fitossanit\u00e1ria do Oeste"},"content":{"rendered":"<div style=\"text-align: justify;\" align=\"center\">Avaliar o estado de Emerg\u00eancia Fitossanit\u00e1ria do Oeste da Bahia e estabelecer novas estrat\u00e9gias para controle de pragas. Estes s\u00e3o os temas a serem discutidos na reuni\u00e3o do Grupo Operacional de Emerg\u00eancia Fitossanit\u00e1ria que acontece nesta quinta-feira (26), \u00e0s 17 horas, na sede da Associa\u00e7\u00e3o de Agricultores e Irrigantes da Bahia (Aiba) e da Associa\u00e7\u00e3o Baiana dos Produtores de Algod\u00e3o (Abapa), em Barreiras. Essa \u00e9 a primeira reuni\u00e3o que o diretor-geral da Ag\u00eancia de Defesa Agropecu\u00e1ria da Bahia (Adab), Oziel Oliveira, participa ap\u00f3s assumir o comando da autarquia vinculada \u00e0 Secretaria da Agricultura do Estado (Seagri).<\/div>\n<div><\/div>\n<div>O Grupo coordenado pela Adab foi criado em 07 de mar\u00e7o de 2013, com o objetivo de identificar, propor e executar a implanta\u00e7\u00e3o de a\u00e7\u00f5es emergenciais e eficazes para o controle da <em>Helicoverpa arm\u00edgera<\/em>, que ataca as culturas de milho, algod\u00e3o e soja no Oeste da Bahia. Ele criou em conjunto com os produtores e as entidades de classe da regi\u00e3o Oeste o Programa Fitossanit\u00e1rio da Bahia para monitoramento e controle da Lagarta, referenciado nacionalmente pelo respaldo dos consultores entomologistas nacionais e internacionais, bem como o amparo da Empresa Brasileira de Pesquisa Agropecu\u00e1ria (Embrapa\/Cerrados e Soja).<\/div>\n<div><\/div>\n<div>\u201cO Minist\u00e9rio da Agricultura, Pecu\u00e1ria e Abastecimento (Mapa) e a Adab s\u00e3o os agentes promotores da pol\u00edtica p\u00fablica chamada Defesa Agropecu\u00e1ria que atua no setor produtivo de forma transversal, interinstitucional e multidisciplinar, compartilhando responsabilidades com todos os elos das cadeias produtivas, para evitar perdas ao ambiente, \u00e0 sociedade e \u00e0 agropecu\u00e1ria\u201d, salienta o diretor-geral da Ag\u00eancia, Oziel Oliveira, ressaltando a import\u00e2ncia da uni\u00e3o entre institui\u00e7\u00f5es privadas e agentes governamentais para resolver o problema.<\/div>\n<div><\/div>\n<div>Convidados pelo novo diretor-geral da Ag\u00eancia estar\u00e3o presentes os dirigentes ou representantes dos \u00f3rg\u00e3os que comp\u00f5em o Grupo: a Abacaf\u00e9, Aciagri, AEAB, Agrolem, Aiba, Abapa, EBDA, Embrapa, Funda\u00e7\u00e3o BA, Fundeagro, e do Sindicato dos Produtores Rurais de Lu\u00eds Eduardo Magalh\u00e3es, bem como a superintend\u00eancia federal de Agricultura do MAPA e o superintend\u00eancia do Desenvolvimento Agr\u00e1rio da Secretaria Estadual da Agricultura.<\/div>\n","protected":false},"excerpt":{"rendered":"<p>Avaliar o estado de Emerg\u00eancia Fitossanit\u00e1ria do Oeste da Bahia e estabelecer novas estrat\u00e9gias para controle de pragas. Estes s\u00e3o os temas a serem discutidos na reuni\u00e3o do Grupo Operacional de Emerg\u00eancia Fitossanit\u00e1ria que acontece nesta quinta-feira (26), \u00e0s 17 horas, na sede da Associa\u00e7\u00e3o de Agricultores e Irrigantes da Bahia (Aiba) e da Associa\u00e7\u00e3o [&hellip;]<\/p>\n","protected":false},"author":2,"featured_media":0,"comment_status":"open","ping_status":"open","sticky":false,"template":"","format":"standard","meta":{"_links_to":"","_links_to_target":""},"categories":[29],"tags":[],"_links":{"self":[{"href":"https:\/\/www.r2cpress.com.br\/v1\/wp-json\/wp\/v2\/posts\/91651"}],"collection":[{"href":"https:\/\/www.r2cpress.com.br\/v1\/wp-json\/wp\/v2\/posts"}],"about":[{"href":"https:\/\/www.r2cpress.com.br\/v1\/wp-json\/wp\/v2\/types\/post"}],"author":[{"embeddable":true,"href":"https:\/\/www.r2cpress.com.br\/v1\/wp-json\/wp\/v2\/users\/2"}],"replies":[{"embeddable":true,"href":"https:\/\/www.r2cpress.com.br\/v1\/wp-json\/wp\/v2\/comments?post=91651"}],"version-history":[{"count":1,"href":"https:\/\/www.r2cpress.com.br\/v1\/wp-json\/wp\/v2\/posts\/91651\/revisions"}],"predecessor-version":[{"id":91652,"href":"https:\/\/www.r2cpress.com.br\/v1\/wp-json\/wp\/v2\/posts\/91651\/revisions\/91652"}],"wp:attachment":[{"href":"https:\/\/www.r2cpress.com.br\/v1\/wp-json\/wp\/v2\/media?parent=91651"}],"wp:term":[{"taxonomy":"category","embeddable":true,"href":"https:\/\/www.r2cpress.com.br\/v1\/wp-json\/wp\/v2\/categories?post=91651"},{"taxonomy":"post_tag","embeddable":true,"href":"https:\/\/www.r2cpress.com.br\/v1\/wp-json\/wp\/v2\/tags?post=91651"}],"curies":[{"name":"wp","href":"https:\/\/api.w.org\/{rel}","templated":true}]}}