{"id":91689,"date":"2015-02-26T16:08:30","date_gmt":"2015-02-26T19:08:30","guid":{"rendered":"http:\/\/www.r2cpress.com.br\/v1\/?p=91689"},"modified":"2015-02-26T16:08:30","modified_gmt":"2015-02-26T19:08:30","slug":"show-com-trilhas-do-tpi-celebra-20-anos-do-grupo","status":"publish","type":"post","link":"https:\/\/www.r2cpress.com.br\/v1\/2015\/02\/26\/show-com-trilhas-do-tpi-celebra-20-anos-do-grupo\/","title":{"rendered":"Show com trilhas do TPI  celebra 20 anos do grupo"},"content":{"rendered":"<p>Integrando as atividades comemorativas dos 20 anos do Teatro Popular de Ilh\u00e9us (TPI), a Cia. Boi da Cara Preta est\u00e1 montando um show com as trilhas musicais de espet\u00e1culos do grupo. Intitulado <em>Teatro para Ouvir<\/em>, o novo espet\u00e1culo deve estrear na segunda quinzena de abril. \u201cSer\u00e1 uma forma de preservarmos a hist\u00f3ria constru\u00edda ao longo dessas duas d\u00e9cadas, relembrar pe\u00e7as marcantes e apresent\u00e1-las para um novo p\u00fablico\u201d, declarou a diretora geral, T\u00e2nia Barbosa.<\/p>\n<div style=\"width: 560px\" class=\"wp-caption aligncenter\"><img loading=\"lazy\" class=\"\" src=\"https:\/\/lh5.googleusercontent.com\/-SHXmXXYVFzo\/VO9u4_wCj7I\/AAAAAAABkaY\/aE0m532Zfw8\/s550\/Ensaio%2520do%2520show%2520Teatro%2520para%2520Ouvir_.jpg\" alt=\"\" width=\"550\" height=\"413\" \/><p class=\"wp-caption-text\">Ensaio<\/p><\/div>\n<p>A Cia. Boi da Cara Preta faz parte do N\u00facleo Infantojuvenil do Teatro Popular de Ilh\u00e9us. O elenco \u00e9 composto por atores, atrizes e m\u00fasicos experientes em cantar e executar as trilhas musicais ao vivo. \u201cA forma\u00e7\u00e3o musical \u00e9 um processo que vem acontecendo a cada espet\u00e1culo. As can\u00e7\u00f5es j\u00e1 est\u00e3o prontas, mas podem ganhar novos arranjos\u201d, adiantou o diretor musical, Elielton Cabe\u00e7a.<\/p>\n<p><em>Teatro para Ouvir<\/em> ser\u00e1 apresentado ao ar livre, no palco rodante, reboque projetado pelo arquiteto Carl von Hauenschild que levou<em>Medida por Medida<\/em> \u00e0s ruas de Salvador e Ilh\u00e9us. Al\u00e9m das trilhas musicais do TPI, vai contar tamb\u00e9m com recursos audiovisuais e pequenas cenas teatrais. O repert\u00f3rio n\u00e3o seguir\u00e1 uma ordem cronol\u00f3gica dos espet\u00e1culos e, como a dura\u00e7\u00e3o m\u00e1xima ser\u00e1 de 1h30min, o show ter\u00e1 outras edi\u00e7\u00f5es, a fim abarcar o m\u00e1ximo de can\u00e7\u00f5es.<\/p>\n<p>O show musical integra o <em>Festival TPI 20 anos<\/em>, uma s\u00e9rie de atividades comemorativas. At\u00e9 o final deste ano, haver\u00e1 bate-papos e debates com personalidades importantes para a hist\u00f3ria do Teatro Popular de Ilh\u00e9us, atrav\u00e9s do projeto <em>Improviso, Oxente!;<\/em>remontagem de <em>A hist\u00f3ria engra\u00e7ada e singela de Fusc\u00e3o \u2013 o quase cap\u00e3o \u2013 e o cabo eleitoral<\/em>, espet\u00e1culo de estreia do grupo em 1995, escrito por \u00c9quio Reis; montagem de <em>Iararana<\/em>, de Sos\u00edgenes Costa, em parceria com o diretor cubano Luis Alberto Alonso. Ainda ser\u00e1 lan\u00e7ado o livro \u201cA vida \u00e9 uma rima: biografia do Teatro Popular de Ilh\u00e9us\u201d, do jornalista, pesquisador e cr\u00edtico teatral, Valmir Santos.<\/p>\n","protected":false},"excerpt":{"rendered":"<p>Integrando as atividades comemorativas dos 20 anos do Teatro Popular de Ilh\u00e9us (TPI), a Cia. Boi da Cara Preta est\u00e1 montando um show com as trilhas musicais de espet\u00e1culos do grupo. Intitulado Teatro para Ouvir, o novo espet\u00e1culo deve estrear na segunda quinzena de abril. \u201cSer\u00e1 uma forma de preservarmos a hist\u00f3ria constru\u00edda ao longo [&hellip;]<\/p>\n","protected":false},"author":2,"featured_media":0,"comment_status":"open","ping_status":"open","sticky":false,"template":"","format":"standard","meta":{"_links_to":"","_links_to_target":""},"categories":[5],"tags":[],"_links":{"self":[{"href":"https:\/\/www.r2cpress.com.br\/v1\/wp-json\/wp\/v2\/posts\/91689"}],"collection":[{"href":"https:\/\/www.r2cpress.com.br\/v1\/wp-json\/wp\/v2\/posts"}],"about":[{"href":"https:\/\/www.r2cpress.com.br\/v1\/wp-json\/wp\/v2\/types\/post"}],"author":[{"embeddable":true,"href":"https:\/\/www.r2cpress.com.br\/v1\/wp-json\/wp\/v2\/users\/2"}],"replies":[{"embeddable":true,"href":"https:\/\/www.r2cpress.com.br\/v1\/wp-json\/wp\/v2\/comments?post=91689"}],"version-history":[{"count":1,"href":"https:\/\/www.r2cpress.com.br\/v1\/wp-json\/wp\/v2\/posts\/91689\/revisions"}],"predecessor-version":[{"id":91690,"href":"https:\/\/www.r2cpress.com.br\/v1\/wp-json\/wp\/v2\/posts\/91689\/revisions\/91690"}],"wp:attachment":[{"href":"https:\/\/www.r2cpress.com.br\/v1\/wp-json\/wp\/v2\/media?parent=91689"}],"wp:term":[{"taxonomy":"category","embeddable":true,"href":"https:\/\/www.r2cpress.com.br\/v1\/wp-json\/wp\/v2\/categories?post=91689"},{"taxonomy":"post_tag","embeddable":true,"href":"https:\/\/www.r2cpress.com.br\/v1\/wp-json\/wp\/v2\/tags?post=91689"}],"curies":[{"name":"wp","href":"https:\/\/api.w.org\/{rel}","templated":true}]}}