{"id":91715,"date":"2015-02-27T14:23:53","date_gmt":"2015-02-27T17:23:53","guid":{"rendered":"http:\/\/www.r2cpress.com.br\/v1\/?p=91715"},"modified":"2015-02-27T14:23:53","modified_gmt":"2015-02-27T17:23:53","slug":"prefeitura-de-ilheus-abre-selecao-simplificada-para-professor-e-interprete-de-libras","status":"publish","type":"post","link":"https:\/\/www.r2cpress.com.br\/v1\/2015\/02\/27\/prefeitura-de-ilheus-abre-selecao-simplificada-para-professor-e-interprete-de-libras\/","title":{"rendered":"Prefeitura de Ilh\u00e9us abre sele\u00e7\u00e3o simplificada para professor e int\u00e9rprete de libras"},"content":{"rendered":"<p><em>Com regime de trabalho de 20 e 40 horas semanais, as remunera\u00e7\u00f5es v\u00e3o de R$ 788,00 a R$ 1.917,78.<\/em><\/p>\n<p>As secretarias de Administra\u00e7\u00e3o (Sead) e Educa\u00e7\u00e3o (Seduc) de Ilh\u00e9us publicaram edital de Sele\u00e7\u00e3o P\u00fablica Simplificada, n\u00ba 001\/2015, que visa \u00e0 contrata\u00e7\u00e3o de professores substitutos e int\u00e9rpretes de libras. As inscri\u00e7\u00f5es podem ser feitas de 2 a 4 de mar\u00e7o, das 9 \u00e0s 11h30min e das 14 \u00e0s 17h, na sede da Seduc, na Avenida Soares Lopes, 840, centro. Ao todo, s\u00e3o oferecidas 217 vagas para professor (com 97 postos para cadastro de reserva) e 15 para int\u00e9rprete de libras (com 10 vagas para cadastro de reserva), que v\u00e3o suprir a falta de docentes na rede municipal de ensino.<\/p>\n<p>No ato da inscri\u00e7\u00e3o, o candidato dever\u00e1 apresentar os seguintes documentos: curr\u00edculo vitae, devidamente comprovado, incluindo a experi\u00eancia na doc\u00eancia da educa\u00e7\u00e3o infantil e\/ou ensino fundamental I (anos iniciais) \u2013 EJA 1 ou ensino fundamental II (anos finais) \u2013 EJA 2 ou interpreta\u00e7\u00e3o de libras; e ficha de inscri\u00e7\u00e3o preenchida e assinada. O candidato tamb\u00e9m dever\u00e1 apresentar diploma ou certificado de licenciatura em curso de pedagogia ou normal superior para a educa\u00e7\u00e3o infantil, o ensino fundamental I \u2013 EJA 1, licenciatura em \u00e1rea espec\u00edfica da disciplina para o ensino fundamental II \u2013 EJA 2, gradua\u00e7\u00e3o em \u00e1reas afins \u00e0 educa\u00e7\u00e3o ou ensino m\u00e9dio completo e, para int\u00e9rprete, habilidade para a interpreta\u00e7\u00e3o de L\u00edngua Brasileira de Sinais \u2013 Libras.<\/p>\n<p>O regime de trabalho ser\u00e1 de 20 ou 40 horas semanais. As remunera\u00e7\u00f5es ser\u00e3o, em caso de possuidor de n\u00edvel superior, de R$ 1.917,78 para 40 horas, e de R$ 958,89 para 20 horas. Para os candidatos aprovados de Ensino M\u00e9dio Completo, o sal\u00e1rio ser\u00e1 de R$ 1.576,00 para 40 horas e R$ 788,00 para 20 horas. O certame tem validade de um ano, e pode ser prorrogado pelo mesmo per\u00edodo.<\/p>\n<p><strong>Avalia\u00e7\u00e3o<\/strong>\u00a0\u2013 Os crit\u00e9rios de avalia\u00e7\u00e3o s\u00e3o os seguintes: a) para o provimento das vagas de docentes para a educa\u00e7\u00e3o infantil e ensino fundamental, ser\u00e3o selecionados os candidatos inscritos que apresentarem e comprovarem a titula\u00e7\u00e3o exigida e n\u00e3o tiverem v\u00ednculo por mais de 20 horas com o poder p\u00fablico. b) para o provimento das vagas de docentes para int\u00e9rpretes de Libras ser\u00e3o selecionados os candidatos inscritos que apresentarem e comprovarem a titula\u00e7\u00e3o exigida, comprovarem experi\u00eancia como int\u00e9rprete de Libras e, por \u00faltimo, n\u00e3o tiverem v\u00ednculo por mais de 20 horas com o poder p\u00fablico.<\/p>\n<p>A sele\u00e7\u00e3o ser\u00e1 constitu\u00edda por duas etapas: 1) an\u00e1lise do curr\u00edculo vitae (de car\u00e1ter classificat\u00f3rio); e 2) prova escrita para os candidatos \u00e0s vagas da educa\u00e7\u00e3o infantil, ensino fundamental I e II \u2013 EJA 1 e 2, classificados na 1\u00aa etapa. Ser\u00e1 eliminado o candidato que zerar a prova escrita.<\/p>\n<p><strong>Secretaria de Comunica\u00e7\u00e3o Social &#8211; Secom.<\/strong><\/p>\n","protected":false},"excerpt":{"rendered":"<p>Com regime de trabalho de 20 e 40 horas semanais, as remunera\u00e7\u00f5es v\u00e3o de R$ 788,00 a R$ 1.917,78. As secretarias de Administra\u00e7\u00e3o (Sead) e Educa\u00e7\u00e3o (Seduc) de Ilh\u00e9us publicaram edital de Sele\u00e7\u00e3o P\u00fablica Simplificada, n\u00ba 001\/2015, que visa \u00e0 contrata\u00e7\u00e3o de professores substitutos e int\u00e9rpretes de libras. As inscri\u00e7\u00f5es podem ser feitas de 2 [&hellip;]<\/p>\n","protected":false},"author":2,"featured_media":0,"comment_status":"open","ping_status":"open","sticky":false,"template":"","format":"standard","meta":{"_links_to":"","_links_to_target":""},"categories":[23],"tags":[],"_links":{"self":[{"href":"https:\/\/www.r2cpress.com.br\/v1\/wp-json\/wp\/v2\/posts\/91715"}],"collection":[{"href":"https:\/\/www.r2cpress.com.br\/v1\/wp-json\/wp\/v2\/posts"}],"about":[{"href":"https:\/\/www.r2cpress.com.br\/v1\/wp-json\/wp\/v2\/types\/post"}],"author":[{"embeddable":true,"href":"https:\/\/www.r2cpress.com.br\/v1\/wp-json\/wp\/v2\/users\/2"}],"replies":[{"embeddable":true,"href":"https:\/\/www.r2cpress.com.br\/v1\/wp-json\/wp\/v2\/comments?post=91715"}],"version-history":[{"count":1,"href":"https:\/\/www.r2cpress.com.br\/v1\/wp-json\/wp\/v2\/posts\/91715\/revisions"}],"predecessor-version":[{"id":91716,"href":"https:\/\/www.r2cpress.com.br\/v1\/wp-json\/wp\/v2\/posts\/91715\/revisions\/91716"}],"wp:attachment":[{"href":"https:\/\/www.r2cpress.com.br\/v1\/wp-json\/wp\/v2\/media?parent=91715"}],"wp:term":[{"taxonomy":"category","embeddable":true,"href":"https:\/\/www.r2cpress.com.br\/v1\/wp-json\/wp\/v2\/categories?post=91715"},{"taxonomy":"post_tag","embeddable":true,"href":"https:\/\/www.r2cpress.com.br\/v1\/wp-json\/wp\/v2\/tags?post=91715"}],"curies":[{"name":"wp","href":"https:\/\/api.w.org\/{rel}","templated":true}]}}