{"id":91980,"date":"2015-03-08T20:23:16","date_gmt":"2015-03-08T23:23:16","guid":{"rendered":"http:\/\/www.r2cpress.com.br\/v1\/?p=91980"},"modified":"2015-03-08T20:23:16","modified_gmt":"2015-03-08T23:23:16","slug":"rua-joana-angelica","status":"publish","type":"post","link":"https:\/\/www.r2cpress.com.br\/v1\/2015\/03\/08\/rua-joana-angelica\/","title":{"rendered":"RUA JOANA ANG\u00c9LICA"},"content":{"rendered":"<p>A Rua Joana Ang\u00e9lica hoje, talvez seja a Rua onde a PMI mais arrecade com multas referente a estacionamento proibido.<\/p>\n<div>\n<div style=\"width: 522px\" class=\"wp-caption aligncenter\"><img loading=\"lazy\" class=\"\" src=\"https:\/\/lh4.googleusercontent.com\/-y0As4tmNUJI\/VPzXjqnppMI\/AAAAAAABkyM\/JrFlMPWThno\/s512\/CAPA.jpg\" alt=\"\" width=\"512\" height=\"512\" \/><p class=\"wp-caption-text\">Rua Joana Ang\u00e9lica<\/p><\/div>\n<\/div>\n<div>A situa\u00e7\u00e3o da\u00a0fornecedora de recursos e seus moradores \u00e9 tratada com \u00a0descaso,\u00a0os buracos s\u00e3o crateras que colocam em risco motoristas, ciclistas, motoqueiros e pedestres, que tem que andar abaixo da cal\u00e7ada pois, o mato est\u00e1 tomando conta.<\/div>\n<div><\/div>\n<div>Segue um link do Google para orientar algum preposto da PMI de como<\/div>\n<div>chegar nesta Rua e realizar os servi\u00e7os.<\/div>\n<div><\/div>\n<div><a href=\"https:\/\/www.google.com.br\/maps\/place\/R.+Joana+Ang%C3%A9lica+-+Centro,+Ilh%C3%A9us+-+BA,+45653-640\/@-14.797452,-39.037313,3a,52.5y,102.76h,99.55t\/data=!3m4!1e1!3m2!1sfmrPhfxnNPEJJaBVXGdKTg!2e0!4m2!3m1!1s0x7390a5d71cd7963:0x219dae54ad46d905!6m1!1e1?hl=pt-BR\" target=\"_blank\">https:\/\/www.google.com.br\/<wbr><\/wbr>maps\/place\/R.+Joana+Ang%C3%<wbr><\/wbr>A9lica+-+Centro,+Ilh%C3%A9us+-<wbr><\/wbr>+BA,+45653-640\/@-14.797452,-<wbr><\/wbr>39.037313,3a,52.5y,102.76h,99.<wbr><\/wbr>55t\/data=!3m4!1e1!3m2!<wbr><\/wbr>1sfmrPhfxnNPEJJaBVXGdKTg!2e0!<wbr><\/wbr>4m2!3m1!1s0x7390a5d71cd7963:<wbr><\/wbr>0x219dae54ad46d905!6m1!1e1?hl=<wbr><\/wbr>pt-BR<\/a><\/p>\n<div><\/div>\n<div>Paulo Carvalho.<\/div>\n<\/div>\n","protected":false},"excerpt":{"rendered":"<p>A Rua Joana Ang\u00e9lica hoje, talvez seja a Rua onde a PMI mais arrecade com multas referente a estacionamento proibido. A situa\u00e7\u00e3o da\u00a0fornecedora de recursos e seus moradores \u00e9 tratada com \u00a0descaso,\u00a0os buracos s\u00e3o crateras que colocam em risco motoristas, ciclistas, motoqueiros e pedestres, que tem que andar abaixo da cal\u00e7ada pois, o mato est\u00e1 [&hellip;]<\/p>\n","protected":false},"author":2,"featured_media":0,"comment_status":"open","ping_status":"open","sticky":false,"template":"","format":"standard","meta":{"_links_to":"","_links_to_target":""},"categories":[10],"tags":[],"_links":{"self":[{"href":"https:\/\/www.r2cpress.com.br\/v1\/wp-json\/wp\/v2\/posts\/91980"}],"collection":[{"href":"https:\/\/www.r2cpress.com.br\/v1\/wp-json\/wp\/v2\/posts"}],"about":[{"href":"https:\/\/www.r2cpress.com.br\/v1\/wp-json\/wp\/v2\/types\/post"}],"author":[{"embeddable":true,"href":"https:\/\/www.r2cpress.com.br\/v1\/wp-json\/wp\/v2\/users\/2"}],"replies":[{"embeddable":true,"href":"https:\/\/www.r2cpress.com.br\/v1\/wp-json\/wp\/v2\/comments?post=91980"}],"version-history":[{"count":1,"href":"https:\/\/www.r2cpress.com.br\/v1\/wp-json\/wp\/v2\/posts\/91980\/revisions"}],"predecessor-version":[{"id":91981,"href":"https:\/\/www.r2cpress.com.br\/v1\/wp-json\/wp\/v2\/posts\/91980\/revisions\/91981"}],"wp:attachment":[{"href":"https:\/\/www.r2cpress.com.br\/v1\/wp-json\/wp\/v2\/media?parent=91980"}],"wp:term":[{"taxonomy":"category","embeddable":true,"href":"https:\/\/www.r2cpress.com.br\/v1\/wp-json\/wp\/v2\/categories?post=91980"},{"taxonomy":"post_tag","embeddable":true,"href":"https:\/\/www.r2cpress.com.br\/v1\/wp-json\/wp\/v2\/tags?post=91980"}],"curies":[{"name":"wp","href":"https:\/\/api.w.org\/{rel}","templated":true}]}}