{"id":92015,"date":"2015-03-10T12:20:35","date_gmt":"2015-03-10T15:20:35","guid":{"rendered":"http:\/\/www.r2cpress.com.br\/v1\/?p=92015"},"modified":"2015-03-10T12:20:35","modified_gmt":"2015-03-10T15:20:35","slug":"comunidades-de-terreiros-de-ilheus-iniciam-cadastro-no-cadunico","status":"publish","type":"post","link":"https:\/\/www.r2cpress.com.br\/v1\/2015\/03\/10\/comunidades-de-terreiros-de-ilheus-iniciam-cadastro-no-cadunico\/","title":{"rendered":"Comunidades de terreiros de Ilh\u00e9us iniciam cadastro no Cad\u00fanico"},"content":{"rendered":"<p><em>Cadastramento segue at\u00e9 o fim de mar\u00e7o e ter\u00e1 como pr\u00f3ximo alvo as comunidades formadas por agricultores familiares.<\/em><\/p>\n<p>A Secretaria de Desenvolvimento Social (SDS) de Ilh\u00e9us iniciou na manh\u00e3 desta segunda-feira, 9, o cadastramento de fam\u00edlias oriundas, ligadas ou identificadas aos quilombolas (povos de terreiros). A proposta, tocada em parceria com o governo federal, \u00e9 identificar grupos populacionais tradicionais na tentativa de favorec\u00ea-los com benef\u00edcios sociais e pol\u00edticas p\u00fablicas espec\u00edficas. O trabalho, que come\u00e7ou no ano passado com as fam\u00edlias ind\u00edgenas, ser\u00e1 realizado at\u00e9 o dia 24 deste m\u00eas na pr\u00f3pria sede da SDS, na Rua M\u00e1rio Alfredo, Conquista, e nas unidades do Cras (Centro de Refer\u00eancia de Assist\u00eancia Social), localizadas no Banco da Vit\u00f3ria, Salobrinho, Teot\u00f4nio Vilela, Barra de Ita\u00edpe e Oliven\u00e7a.<\/p>\n<p>\u201cAl\u00e9m de ampliar o n\u00famero de pessoas e fam\u00edlias favorecidas com os diversos benef\u00edcios do governo federal, como Bolsa Fam\u00edlia, Tarifa Social e Minha Casa, Minha Vida, o cadastramento desses grupos populacionais tamb\u00e9m permite a aplica\u00e7\u00e3o de pol\u00edticas p\u00fablicas espec\u00edficas\u201d, reitera o secret\u00e1rio Jamil Ock\u00e9. \u201cUm bom exemplo dessa realidade pode ser observado no cadastramento das fam\u00edlias ind\u00edgenas realizado no ano passado. O governo federal s\u00f3 tinha conhecimento da exist\u00eancia de 17 n\u00facleos com poucos integrantes. No entanto, o cadastramento mostrou que temos cerca de 4 mil e 300 fam\u00edlias\u201d, acrescenta Ock\u00e9.<\/p>\n<p>Ap\u00f3s ressaltar que o pr\u00f3ximo grupo populacional a ser beneficiado pelo trabalho ser\u00e1 o dos agricultores familiares, o coordenador do Cad\u00danico e Bolsa Fam\u00edlia em Ilh\u00e9us, Fernando Reis, informa quais s\u00e3o os documentos que devem ser levados \u00e0 sede da SDS e unidades do Cras para o cadastramento: Carteira de Identidade, CPF, T\u00edtulo de Eleitor, Carteira de Trabalho e Previd\u00eancia Social (CTPS), comprovante de resid\u00eancia (para maiores de 18 anos), Carteira de Identidade e Certid\u00e3o de Nascimento (menores de 18 anos).<\/p>\n<p><strong>Perfil<\/strong><\/p>\n<p><!--more--><\/p>\n<p>Na opini\u00e3o do representante dos povos de terreiros de Ilh\u00e9us, Gilmar Marques (Tata Ykatamba), que esteve na sede da SDS na manh\u00e3 desta segunda-feira, 9, o cadastramento dos grupos populacionais espec\u00edficos \u00e9 fundamental para que o governo federal defina as pol\u00edticas p\u00fablicas corretas.<\/p>\n<p>\u201cPor meio do Cad\u00danico, o governo federal tem a oportunidade de construir um perfil de cada um de n\u00f3s mais pr\u00f3ximo da realidade, o que possibilita a execu\u00e7\u00e3o de programas capazes de contemplar as nossas principais necessidades e aspira\u00e7\u00f5es sociais, culturais e econ\u00f4micas\u201d, avaliou Gilmar Marques, que tamb\u00e9m \u00e9 coordenador dos homens de ax\u00e9 do N\u00facleo de Ilh\u00e9us do Renafro (Rede Nacional de Religi\u00f5es Afro-Brasileiras e Sa\u00fade).<\/p>\n<p><strong>Cad\u00danico<\/strong> &#8211; O Cadastro \u00danico para Programas Sociais do Governo Federal (Cad\u00danico) \u00e9 um instrumento que identifica e caracteriza as fam\u00edlias de baixa renda, aquelas que t\u00eam renda mensal de at\u00e9 meio sal\u00e1rio m\u00ednimo por pessoa ou renda mensal total de at\u00e9 tr\u00eas sal\u00e1rios m\u00ednimos.<\/p>\n<p>O Cadastro \u00danico permite conhecer a realidade socioecon\u00f4mica das fam\u00edlias, trazendo informa\u00e7\u00f5es de todo o n\u00facleo familiar, das caracter\u00edsticas do domic\u00edlio, das formas de acesso a servi\u00e7os p\u00fablicos essenciais. O Governo Federal, por meio de um sistema informatizado, consolida os dados coletados no Cadastro \u00danico. A partir da\u00ed, o poder p\u00fablico pode formular e implementar pol\u00edticas espec\u00edficas que contribuem para a redu\u00e7\u00e3o das vulnerabilidades sociais a que essas fam\u00edlias est\u00e3o expostas.<\/p>\n<p><strong>Grupos<\/strong> \u2013 O cadastramento dos grupos espec\u00edficos tamb\u00e9m contemplar\u00e1 entidades familiares oriundas ou ligadas aos ciganos, extrativistas, pescadores artesanais, ribeirinhos, assentados da reforma agr\u00e1ria, benefici\u00e1rios do Programa Nacional de Cr\u00e9dito Fundi\u00e1rio, acampados rurais, atingidos por empreendimentos de infraestrutura, presos do sistema carcer\u00e1rio, catadores\u00a0 \u00a0de material recicl\u00e1vel e resgatados do trabalho an\u00e1logo ao de escravo.<\/p>\n","protected":false},"excerpt":{"rendered":"<p>Cadastramento segue at\u00e9 o fim de mar\u00e7o e ter\u00e1 como pr\u00f3ximo alvo as comunidades formadas por agricultores familiares. A Secretaria de Desenvolvimento Social (SDS) de Ilh\u00e9us iniciou na manh\u00e3 desta segunda-feira, 9, o cadastramento de fam\u00edlias oriundas, ligadas ou identificadas aos quilombolas (povos de terreiros). A proposta, tocada em parceria com o governo federal, \u00e9 [&hellip;]<\/p>\n","protected":false},"author":2,"featured_media":0,"comment_status":"open","ping_status":"open","sticky":false,"template":"","format":"standard","meta":{"_links_to":"","_links_to_target":""},"categories":[23],"tags":[],"_links":{"self":[{"href":"https:\/\/www.r2cpress.com.br\/v1\/wp-json\/wp\/v2\/posts\/92015"}],"collection":[{"href":"https:\/\/www.r2cpress.com.br\/v1\/wp-json\/wp\/v2\/posts"}],"about":[{"href":"https:\/\/www.r2cpress.com.br\/v1\/wp-json\/wp\/v2\/types\/post"}],"author":[{"embeddable":true,"href":"https:\/\/www.r2cpress.com.br\/v1\/wp-json\/wp\/v2\/users\/2"}],"replies":[{"embeddable":true,"href":"https:\/\/www.r2cpress.com.br\/v1\/wp-json\/wp\/v2\/comments?post=92015"}],"version-history":[{"count":2,"href":"https:\/\/www.r2cpress.com.br\/v1\/wp-json\/wp\/v2\/posts\/92015\/revisions"}],"predecessor-version":[{"id":92017,"href":"https:\/\/www.r2cpress.com.br\/v1\/wp-json\/wp\/v2\/posts\/92015\/revisions\/92017"}],"wp:attachment":[{"href":"https:\/\/www.r2cpress.com.br\/v1\/wp-json\/wp\/v2\/media?parent=92015"}],"wp:term":[{"taxonomy":"category","embeddable":true,"href":"https:\/\/www.r2cpress.com.br\/v1\/wp-json\/wp\/v2\/categories?post=92015"},{"taxonomy":"post_tag","embeddable":true,"href":"https:\/\/www.r2cpress.com.br\/v1\/wp-json\/wp\/v2\/tags?post=92015"}],"curies":[{"name":"wp","href":"https:\/\/api.w.org\/{rel}","templated":true}]}}