{"id":92095,"date":"2015-03-13T09:02:21","date_gmt":"2015-03-13T12:02:21","guid":{"rendered":"http:\/\/www.r2cpress.com.br\/v1\/?p=92095"},"modified":"2015-03-13T09:02:21","modified_gmt":"2015-03-13T12:02:21","slug":"no-gotas-de-paz-303","status":"publish","type":"post","link":"https:\/\/www.r2cpress.com.br\/v1\/2015\/03\/13\/no-gotas-de-paz-303\/","title":{"rendered":"No GOTAS DE PAZ"},"content":{"rendered":"<h1 class=\"entry-title post-title\" style=\"text-align: center;\"><span style=\"color: #000080;\"><strong>CUIDAR DO ESP\u00cdRITO<\/strong><\/span><\/h1>\n<p style=\"text-align: left;\">Preocupamo-nos demasiadamente com a nossa situa\u00e7\u00e3o financeira, com os bens materiais, com a posi\u00e7\u00e3o social e nos esquecemos do mais importante: cuidar do nosso esp\u00edrito. Tudo o que possu\u00edmos na Terra tem tempo certo de uso. \u00c9 um empr\u00e9stimo de Deus para vivermos na Terra por determinado per\u00edodo. Esquecemo-nos de que quando partirmos para a P\u00e1tria Espiritual nada levaremos de material. Os \u00fanicos bens a nos acompanhar ser\u00e3o nossos valores morais e nossas virtudes aqui conquistadas. Todo o bem que fizermos deixar\u00e1 sementes na Terra, as quais um dia se transformar\u00e3o em doces frutos de amor, de paz e de alegria. Tenhamos na mente e no cora\u00e7\u00e3o os ensinamentos do Cristo, nosso maior exemplo de bondade, humildade e amor. Cuidemos do Esp\u00edrito e\u00a0 tudo o mais nos ser\u00e1 acrescentado, como nos disse nosso Divino Amigo e Mestre Jesus.<\/p>\n<p style=\"text-align: left;\"><span style=\"color: #000080;\"><strong>GOTAS DE PAZ:<\/strong><\/span><\/p>\n<p>http:\/\/www.gotasdepaz.com.br\/cuidar-do-espirito-2\/?utm_source=Mensagem+13%2F03%2F2015&#038;utm_medium=email&#038;utm_campaign=Mensagem+13%2F03%2F2015<\/p>\n<p style=\"text-align: left;\">\n","protected":false},"excerpt":{"rendered":"<p>CUIDAR DO ESP\u00cdRITO Preocupamo-nos demasiadamente com a nossa situa\u00e7\u00e3o financeira, com os bens materiais, com a posi\u00e7\u00e3o social e nos esquecemos do mais importante: cuidar do nosso esp\u00edrito. Tudo o que possu\u00edmos na Terra tem tempo certo de uso. \u00c9 um empr\u00e9stimo de Deus para vivermos na Terra por determinado per\u00edodo. Esquecemo-nos de que quando [&hellip;]<\/p>\n","protected":false},"author":2,"featured_media":0,"comment_status":"open","ping_status":"open","sticky":false,"template":"","format":"standard","meta":{"_links_to":"","_links_to_target":""},"categories":[17],"tags":[],"_links":{"self":[{"href":"https:\/\/www.r2cpress.com.br\/v1\/wp-json\/wp\/v2\/posts\/92095"}],"collection":[{"href":"https:\/\/www.r2cpress.com.br\/v1\/wp-json\/wp\/v2\/posts"}],"about":[{"href":"https:\/\/www.r2cpress.com.br\/v1\/wp-json\/wp\/v2\/types\/post"}],"author":[{"embeddable":true,"href":"https:\/\/www.r2cpress.com.br\/v1\/wp-json\/wp\/v2\/users\/2"}],"replies":[{"embeddable":true,"href":"https:\/\/www.r2cpress.com.br\/v1\/wp-json\/wp\/v2\/comments?post=92095"}],"version-history":[{"count":1,"href":"https:\/\/www.r2cpress.com.br\/v1\/wp-json\/wp\/v2\/posts\/92095\/revisions"}],"predecessor-version":[{"id":92096,"href":"https:\/\/www.r2cpress.com.br\/v1\/wp-json\/wp\/v2\/posts\/92095\/revisions\/92096"}],"wp:attachment":[{"href":"https:\/\/www.r2cpress.com.br\/v1\/wp-json\/wp\/v2\/media?parent=92095"}],"wp:term":[{"taxonomy":"category","embeddable":true,"href":"https:\/\/www.r2cpress.com.br\/v1\/wp-json\/wp\/v2\/categories?post=92095"},{"taxonomy":"post_tag","embeddable":true,"href":"https:\/\/www.r2cpress.com.br\/v1\/wp-json\/wp\/v2\/tags?post=92095"}],"curies":[{"name":"wp","href":"https:\/\/api.w.org\/{rel}","templated":true}]}}