{"id":92099,"date":"2015-03-13T20:00:18","date_gmt":"2015-03-13T23:00:18","guid":{"rendered":"http:\/\/www.r2cpress.com.br\/v1\/?p=92099"},"modified":"2015-03-13T10:04:37","modified_gmt":"2015-03-13T13:04:37","slug":"do-fundo-do-bau-de-jose-leite-193","status":"publish","type":"post","link":"https:\/\/www.r2cpress.com.br\/v1\/2015\/03\/13\/do-fundo-do-bau-de-jose-leite-193\/","title":{"rendered":"DO FUNDO DO BA\u00da DE JOS\u00c9 LEITE"},"content":{"rendered":"<p><center><img loading=\"lazy\" src=\"http:\/\/www.r2cpress.com.br\/v1\/wp-content\/uploads\/Novo-visual-do-Bau_400L21.jpg\" width=\"400\" height=\"320\" class=\"aligncenter\" \/><br \/>\n<strong>1)\tAFINAL, LAMPI\u00c3O ERA OU N\u00c3O ERA&#8230;?<br \/>\n2)\tQUEREMOS CACHORROS NO CEMIT\u00c9RIO.<br \/>\n3)\tBAR\u00c3O DE POPOFF EM JUAZEIRO DO NORTE (1).<br \/>\n4)\tAS FOTOS DESTAQUES DA SEMANA.<\/strong><\/center><\/p>\n<p><!--more--><\/p>\n<p><b><center>*******************************************************************<\/center><\/b><\/p>\n<p><b><center>1 &#8211; AFINAL, LAMPI\u00c3O ERA OU N\u00c3O ERA&#8230;? <\/center><\/b><\/p>\n<p>Acabei de concluir a leitura do livro \u201cLAMPI\u00c3O O MATA SETE\u201d escrito pelo sergipano Juiz de Direito, PEDRO DE MORAIS SILVA, onde o mesmo alega que o famoso Cangaceiro era \u201cBICHA\u201d. O livro foi comprado numa livraria de ARACAJ\u00da \u2013 SE. Qualquer informa\u00e7\u00e3o ligar para JOS\u00c9 LEITE.<\/p>\n<div style=\"width: 360px\" class=\"wp-caption aligncenter\"><img loading=\"lazy\" src=\"https:\/\/lh5.googleusercontent.com\/-Msx6oenC-vY\/VQLWGm0oDrI\/AAAAAAABk0M\/gBhDbAcG2eU\/s500\/1.jpeg\" width=\"350\" height=\"500\" class \/><p class=\"wp-caption-text\">O LIVRO.<\/p><\/div>\n<div style=\"width: 354px\" class=\"wp-caption aligncenter\"><img loading=\"lazy\" src=\"https:\/\/lh3.googleusercontent.com\/-t0fuVTHeMfU\/VQLWI3GxX5I\/AAAAAAABk08\/WpN_KUNE1ks\/s500\/2.jpg\" width=\"344\" height=\"500\" class \/><p class=\"wp-caption-text\">O famoso Cangaceiro LAMPI\u00c3O deve estar (no c\u00e9u ou no inferno) se tremendo de raiva e se estivesse vivo iria procurar esse \u201ccabra\u201d que escreveu esse livro para sangra-lo na hora.<\/p><\/div>\n<p><b><center>2 \u2013 QUEREMOS CACHORROS NO CEMIT\u00c9RIO. <\/center><\/b><\/p>\n<p>O Prefeito de S\u00c3O PAULO FERNANDO HADDAD vai contratar C\u00c3ES ROTTWEILER para combater furtos em CEMIT\u00c9RIOS. O campe\u00e3o de furtos \u00e9 o CEMIT\u00c9RIO DA CONSOLA\u00c7\u00c3O. Aqui em ILH\u00c9US n\u00e3o \u00e9 o diferente. O campe\u00e3o de roubos \u00e9 o CEMIT\u00c9RIO DA VIT\u00d3RIA, mais de 50 % das imagens de Bronze de v\u00e1rios t\u00famulos os lar\u00e1pios j\u00e1 levaram. Colocar dois valentes cachorros PIT BULL pela parte da noite seria uma boa.<\/p>\n<div style=\"width: 355px\" class=\"wp-caption aligncenter\"><img loading=\"lazy\" src=\"https:\/\/lh4.googleusercontent.com\/-3MHO-Y2OCNM\/VQLWJWCowbI\/AAAAAAABk1A\/Ay0BYr1l510\/s500\/3.jpeg\" width=\"345\" height=\"500\" class \/><p class=\"wp-caption-text\">Dois coveiros retirando uma imagem de Bronze para guardar porque os LADR\u00d5ES for\u00e7aram para levar no per\u00edodo da noite no CEMIT\u00c9RIO DA VIT\u00d3RIA.<br \/>\n(Foto clicada por JOS\u00c9 LEITE).<br \/><\/p><\/div>\n<div style=\"width: 350px\" class=\"wp-caption aligncenter\"><img loading=\"lazy\" src=\"https:\/\/lh3.googleusercontent.com\/-ExQsjRR9kdU\/VQLWKJR8g8I\/AAAAAAABk1M\/ZOWDigpTB0E\/s500\/4.jpeg\" width=\"340\" height=\"500\" class \/><p class=\"wp-caption-text\">Outra IMAGEM, ao lado de um COVEIRO, que os lar\u00e1pios quase levaram do CEMIT\u00c9RIO DA VIT\u00d3RIA. (Foto clicada por JOS\u00c9 LEITE).<\/p><\/div>\n<p><b><center>3 \u2013 BAR\u00c3O DE POPOFF EM JUAZEIRO DO NORTE (1). <\/center><\/b><\/p>\n<p>Convidado por seu amigo JOS\u00c9 LEITE para conhecer JUAZEIRO DO NORTE, POPOFF n\u00e3o pensou duas vezes e falou: VAMOS L\u00c1 CEARENSE, QUERO CONHECER A TERRA DO PADRE C\u00cdCERO. Observe nas fotos abaixo.<\/p>\n<div style=\"width: 610px\" class=\"wp-caption aligncenter\"><img loading=\"lazy\" src=\"https:\/\/lh5.googleusercontent.com\/-4jhRmazVJ8s\/VQLWKP52fJI\/AAAAAAABk1Q\/IHpiGtViT_8\/s600\/5.jpeg\" width=\"600\" height=\"403\" class \/><p class=\"wp-caption-text\">POPOFF aponta para seu amigo FRAN\u00c7A e pergunta: Z\u00c9 LEITE, N\u00c3O PARECE O Z\u00c9 WILKER?<\/p><\/div>\n<div style=\"width: 610px\" class=\"wp-caption aligncenter\"><img loading=\"lazy\" src=\"https:\/\/lh6.googleusercontent.com\/-5Hpg4XM1SHs\/VQLWKqftLoI\/AAAAAAABk1Y\/s04vFKt3VPQ\/s600\/6.jpeg\" width=\"600\" height=\"410\" class \/><p class=\"wp-caption-text\">POPOFF e seu amigo Professor EDMILSON falando sobre cinema.<\/p><\/div>\n<div style=\"width: 610px\" class=\"wp-caption aligncenter\"><img loading=\"lazy\" src=\"https:\/\/lh5.googleusercontent.com\/-YNN271kld80\/VQLWLcWJAyI\/AAAAAAABk1s\/QtVhRdViJLY\/s600\/7.jpeg\" width=\"600\" height=\"405\" class \/><p class=\"wp-caption-text\">POPOFF visitando um amigo comerciante de JUAZEIRO. Aparece tamb\u00e9m na foto o amigo Ilheense ROQUE FRAGA (bon\u00e9 vermelho). Observe as m\u00e3os de POPOFF.<\/p><\/div>\n<div style=\"width: 344px\" class=\"wp-caption aligncenter\"><img loading=\"lazy\" src=\"https:\/\/lh4.googleusercontent.com\/-2tqTuIOErFA\/VQLWLVC4LyI\/AAAAAAABk1k\/60EtAI_uB5w\/s500\/8.jpeg\" width=\"334\" height=\"500\" class \/><p class=\"wp-caption-text\">POPOFF ladeado por JOS\u00c9 LEITE e ROQUE FRAGA visitando o SANTU\u00c1RIO DE S\u00c3O FRANCISCO em JUAZEIRO DO NORTE.<\/p><\/div>\n<div style=\"width: 351px\" class=\"wp-caption aligncenter\"><img loading=\"lazy\" src=\"https:\/\/lh3.googleusercontent.com\/-VkFKg3tSluw\/VQLWL811SnI\/AAAAAAABk1w\/z78mh3pIEEY\/s500\/9.jpeg\" width=\"341\" height=\"500\" class \/><p class=\"wp-caption-text\">POPOFF ao lado do BUSTO de Dr. FLORO BARTOLOMEU DA COSTA, um dos her\u00f3is da INDEPEND\u00caNCIA DE JUAZEIRO DO NORTE. Esse BUSTO foi doado por JOS\u00c9 LEITE no centen\u00e1rio da cidade (22-07-2011).<\/p><\/div>\n<div style=\"width: 610px\" class=\"wp-caption aligncenter\"><img loading=\"lazy\" src=\"https:\/\/lh5.googleusercontent.com\/-tFPSALe9lrE\/VQLWGkewceI\/AAAAAAABk0Q\/8ILRyXzIe5I\/s600\/10.jpeg\" width=\"600\" height=\"405\" class \/><p class=\"wp-caption-text\">POPOFF visitando um SHOPPING em JUAZEIRO perguntou a JOS\u00c9 LEITE: SER\u00c1 QUE VOU MORRER E N\u00c3O SUBO NUMA ESCADA ROLANTE EM ILH\u00c9US?<br \/>\nDEU NO QUE DEU.<br \/><\/p><\/div>\n<div style=\"width: 346px\" class=\"wp-caption aligncenter\"><img loading=\"lazy\" src=\"https:\/\/lh3.googleusercontent.com\/-nhzdawrhGKs\/VQLWGQq7PcI\/AAAAAAABk0E\/EzRA_cvi66U\/s500\/11.jpeg\" width=\"336\" height=\"500\" class \/><p class=\"wp-caption-text\">POPOFF de frente a BAS\u00cdLICA DE NOSSA SENHORA DAS DORES. No mesmo dia que foi celebrado uma MISSA DE 7\u00ba DIA em ILH\u00c9US, tamb\u00e9m foi celebrada uma MISSA PELA ALMA DE POPOFF na BAS\u00cdLICA acima organizada pelos seus amigos de JUAZEIRO tendo a frente seu amigo FRAN\u00c7A, primo de JOS\u00c9 LEITE.<\/p><\/div>\n<p><b><center>4 &#8211; AS FOTOS DESTAQUES DA SEMANA<\/center><\/b><\/p>\n<div style=\"width: 610px\" class=\"wp-caption aligncenter\"><img loading=\"lazy\" src=\"https:\/\/lh5.googleusercontent.com\/-V6VZoSg_j3M\/VQLWHf-tS3I\/AAAAAAABk0c\/sA3xHlHBxac\/s600\/12.jpeg\" width=\"600\" height=\"389\" class \/><p class=\"wp-caption-text\">Caminh\u00e3o de som alegrando a \u201cCAMINHADA PENITENCIAL\u201d acontecida no \u00faltimo domingo (08-03-2015) promovida pela DIOCESE DE ILH\u00c9US, tendo a frente o Bispo DOM MAURO MONTAGNOLI.<\/p><\/div>\n<div style=\"width: 610px\" class=\"wp-caption aligncenter\"><img loading=\"lazy\" src=\"https:\/\/lh3.googleusercontent.com\/-Nb0-32Ag5SE\/VQLWHyCdFjI\/AAAAAAABk0k\/7g8b5Xh2aMI\/s600\/13.jpeg\" width=\"600\" height=\"399\" class \/><p class=\"wp-caption-text\">Sentimos profundamente o falecimento do amigo ROBERTO SOEIRO, comerciante por muitos anos na cidade de PETROLINA \u2013 PE. ROBERTO era muito amigo do meu primo FRAN\u00c7A. Quando JOS\u00c9 LEITE recebeu o t\u00edtulo de CIDAD\u00c3O ILHEENSE, os dois estiveram presentes com a fam\u00edlia. Na foto ROBERTO e meu sobrinho JUNIOR no CLUBE SOCIAL DE ILH\u00c9US (dezembro de 1991).<\/p><\/div>\n<div style=\"width: 610px\" class=\"wp-caption aligncenter\"><img loading=\"lazy\" src=\"https:\/\/lh6.googleusercontent.com\/-tDo2EmJ9vhc\/VQLWIE2fpGI\/AAAAAAABk0o\/3T9ON-JGmIY\/s600\/14.jpeg\" width=\"600\" height=\"403\" class \/><p class=\"wp-caption-text\">E falando de VIRGULINO FERREIRA, vulgo LAMPI\u00c3O, observe na foto acima meus amigos, o cearense BOSCO e seu filho ALEXANDRE, visitando a GRUTA DE ANGICOS onde LAMPI\u00c3O foi morto numa EMBOSCADA comandada pelo Tenente JOS\u00c9 BEZERRA no dia 28 de julho de 1938. Aparece na foto um casal de guia turismo com roupas de Cangaceiros. (Foto: 06-03-2015).<\/p><\/div>\n<p><b><center>E NO MAIS&#8230; <\/center><\/b><\/p>\n<div style=\"width: 610px\" class=\"wp-caption aligncenter\"><img loading=\"lazy\" src=\"https:\/\/lh6.googleusercontent.com\/-LNfSI7bzZJ4\/VQLWIudBcQI\/AAAAAAABk00\/8HJysRvE7XM\/s600\/15.jpeg\" width=\"600\" height=\"490\" class \/><p class=\"wp-caption-text\">JOS\u00c9 LEITE recebendo o DIPLOMA de AMIGO DA 6\u00aa REGI\u00c3O MILITAR das m\u00e3os do General de Divis\u00e3o JOS\u00c9 ELITO CARVALHO SIQUEIRA em SALVADOR BAHIA (01-07-2005).<\/p><\/div>\n<p>&#8212;<br \/>\n<span style=\"color: blue;\"><b>Para ver o BA\u00da da semana passada clique<\/b><a href=\"http:\/\/www.r2cpress.com.br\/v1\/2015\/03\/06\/do-fundo-do-bau-de-jose-leite-192\/\" target=\"_news\"><b> AQUI.<\/b><\/a><\/span><\/p>\n<p>&#8212;<br \/>\nTexto e fotos: Jos\u00e9 Leite de Souza<br \/>\njleitesouza@hotmail.com<br \/>\n(73) 3634-3134<\/p>\n","protected":false},"excerpt":{"rendered":"<p>1) AFINAL, LAMPI\u00c3O ERA OU N\u00c3O ERA&#8230;? 2) QUEREMOS CACHORROS NO CEMIT\u00c9RIO. 3) BAR\u00c3O DE POPOFF EM JUAZEIRO DO NORTE (1). 4) AS FOTOS DESTAQUES DA SEMANA.<\/p>\n","protected":false},"author":2,"featured_media":0,"comment_status":"open","ping_status":"open","sticky":false,"template":"","format":"standard","meta":{"_links_to":"","_links_to_target":""},"categories":[10],"tags":[],"_links":{"self":[{"href":"https:\/\/www.r2cpress.com.br\/v1\/wp-json\/wp\/v2\/posts\/92099"}],"collection":[{"href":"https:\/\/www.r2cpress.com.br\/v1\/wp-json\/wp\/v2\/posts"}],"about":[{"href":"https:\/\/www.r2cpress.com.br\/v1\/wp-json\/wp\/v2\/types\/post"}],"author":[{"embeddable":true,"href":"https:\/\/www.r2cpress.com.br\/v1\/wp-json\/wp\/v2\/users\/2"}],"replies":[{"embeddable":true,"href":"https:\/\/www.r2cpress.com.br\/v1\/wp-json\/wp\/v2\/comments?post=92099"}],"version-history":[{"count":2,"href":"https:\/\/www.r2cpress.com.br\/v1\/wp-json\/wp\/v2\/posts\/92099\/revisions"}],"predecessor-version":[{"id":92101,"href":"https:\/\/www.r2cpress.com.br\/v1\/wp-json\/wp\/v2\/posts\/92099\/revisions\/92101"}],"wp:attachment":[{"href":"https:\/\/www.r2cpress.com.br\/v1\/wp-json\/wp\/v2\/media?parent=92099"}],"wp:term":[{"taxonomy":"category","embeddable":true,"href":"https:\/\/www.r2cpress.com.br\/v1\/wp-json\/wp\/v2\/categories?post=92099"},{"taxonomy":"post_tag","embeddable":true,"href":"https:\/\/www.r2cpress.com.br\/v1\/wp-json\/wp\/v2\/tags?post=92099"}],"curies":[{"name":"wp","href":"https:\/\/api.w.org\/{rel}","templated":true}]}}