{"id":92121,"date":"2015-03-13T15:59:45","date_gmt":"2015-03-13T18:59:45","guid":{"rendered":"http:\/\/www.r2cpress.com.br\/v1\/?p=92121"},"modified":"2015-03-13T15:59:45","modified_gmt":"2015-03-13T18:59:45","slug":"domingo-na-tenda-tpi-tem-show-de-crime-organizado-e-ayam-ubrais","status":"publish","type":"post","link":"https:\/\/www.r2cpress.com.br\/v1\/2015\/03\/13\/domingo-na-tenda-tpi-tem-show-de-crime-organizado-e-ayam-ubrais\/","title":{"rendered":"Domingo na Tenda TPI tem show  de Crime Organizado e Ayam Ubr\u00e1is"},"content":{"rendered":"<p>A Tenda Teatro Popular de Ilh\u00e9us (TPI) ser\u00e1 palco do encontro entre a banda Crime Organizado e Ayam Ubr\u00e1is Barco. Os dois exemplares da m\u00fasica independente do sul da Bahia fazem show no pr\u00f3ximo domingo (15), a partir das 19 horas. As entradas custam R$ 20 inteira e R$ 10 meia para estudantes, idosos, titulares do Cart\u00e3o TPI ou na compra antecipada. A classifica\u00e7\u00e3o indicativa \u00e9 de 14 anos.<\/p>\n<p>O show promete questionar as contradi\u00e7\u00f5es humanas e a inquietude da alma atrav\u00e9s de can\u00e7\u00f5es autorais. Apesar dos g\u00eaneros musicais diferentes, o grupo de Ilh\u00e9us e o m\u00fasico de Ipia\u00fa trabalham com um repert\u00f3rio influenciado pelo rock and roll. A apresenta\u00e7\u00e3o prev\u00ea um resultado \u00fanico da combina\u00e7\u00e3o entre a irrever\u00eancia do grupo Crime Organizado com o lirismo de Ayam Ubr\u00e1is Barco.<\/p>\n<p>A banda Crime Organizado estreou em setembro do ano passado, provocando a identifica\u00e7\u00e3o do p\u00fablico nas letras simples e diretas, propondo que todos se entendam como criminosos. J\u00e1 Ayam Ubr\u00e1is Barco, \u00e9 um multiartista nascido em Salvador e criado em Ipia\u00fa. Al\u00e9m de cantor e compositor, \u00e9 ator e artista pl\u00e1stico, trabalhando com a t\u00e9cnica de Filisminogravura, que s\u00e3o desenhos feitos com canetas esferogra\u0301ficas.<\/p>\n<p>A programa\u00e7\u00e3o da Tenda Teatro Popular de Ilh\u00e9us \u00e9 mantida atrav\u00e9s do Programa de Apoio a Institui\u00e7\u00f5es Culturais de A\u00e7\u00f5es Continuadas, do Fundo de Cultura da Bahia. Al\u00e9m das atra\u00e7\u00f5es culturais, \u00e9 disponibilizada uma biblioteca aberta \u00e0 visita\u00e7\u00e3o e s\u00e3o oferecido cursos e oficinas art\u00edsticas. Atualmente, h\u00e1 vagas para aulas de capoeira com Mestre Virg\u00edlio e bateria com Sabar\u00e1.<\/p>\n<p><strong>Cine Incidental na UESC<\/strong><\/p>\n<p>Depois de circular por bairros ilheenses, o Cineclube \u00c9quio Reis segue vinculado ao projeto <em>Cine Incidental<\/em> levando curtas-metragens de Chaplin, com trilha sonora executada ao vivo pelos m\u00fasicos Elielton Cabe\u00e7a e Pablo Lisboa. Na pr\u00f3xima segunda-feira (16), far\u00e1 apresenta\u00e7\u00e3o na Universidade Estadual de Santa Cruz (UESC), \u00e0s 19 horas.<\/p>\n","protected":false},"excerpt":{"rendered":"<p>A Tenda Teatro Popular de Ilh\u00e9us (TPI) ser\u00e1 palco do encontro entre a banda Crime Organizado e Ayam Ubr\u00e1is Barco. Os dois exemplares da m\u00fasica independente do sul da Bahia fazem show no pr\u00f3ximo domingo (15), a partir das 19 horas. As entradas custam R$ 20 inteira e R$ 10 meia para estudantes, idosos, titulares [&hellip;]<\/p>\n","protected":false},"author":2,"featured_media":0,"comment_status":"open","ping_status":"open","sticky":false,"template":"","format":"standard","meta":{"_links_to":"","_links_to_target":""},"categories":[5],"tags":[],"_links":{"self":[{"href":"https:\/\/www.r2cpress.com.br\/v1\/wp-json\/wp\/v2\/posts\/92121"}],"collection":[{"href":"https:\/\/www.r2cpress.com.br\/v1\/wp-json\/wp\/v2\/posts"}],"about":[{"href":"https:\/\/www.r2cpress.com.br\/v1\/wp-json\/wp\/v2\/types\/post"}],"author":[{"embeddable":true,"href":"https:\/\/www.r2cpress.com.br\/v1\/wp-json\/wp\/v2\/users\/2"}],"replies":[{"embeddable":true,"href":"https:\/\/www.r2cpress.com.br\/v1\/wp-json\/wp\/v2\/comments?post=92121"}],"version-history":[{"count":2,"href":"https:\/\/www.r2cpress.com.br\/v1\/wp-json\/wp\/v2\/posts\/92121\/revisions"}],"predecessor-version":[{"id":92123,"href":"https:\/\/www.r2cpress.com.br\/v1\/wp-json\/wp\/v2\/posts\/92121\/revisions\/92123"}],"wp:attachment":[{"href":"https:\/\/www.r2cpress.com.br\/v1\/wp-json\/wp\/v2\/media?parent=92121"}],"wp:term":[{"taxonomy":"category","embeddable":true,"href":"https:\/\/www.r2cpress.com.br\/v1\/wp-json\/wp\/v2\/categories?post=92121"},{"taxonomy":"post_tag","embeddable":true,"href":"https:\/\/www.r2cpress.com.br\/v1\/wp-json\/wp\/v2\/tags?post=92121"}],"curies":[{"name":"wp","href":"https:\/\/api.w.org\/{rel}","templated":true}]}}