{"id":92212,"date":"2015-03-17T14:23:14","date_gmt":"2015-03-17T17:23:14","guid":{"rendered":"http:\/\/www.r2cpress.com.br\/v1\/?p=92212"},"modified":"2015-03-17T14:23:14","modified_gmt":"2015-03-17T17:23:14","slug":"meio-ambiente-rotary-club-de-ilheus-jorge-amado-conhece-acoes-da-coolimpa-para-desenvolvimento-socioambiental","status":"publish","type":"post","link":"https:\/\/www.r2cpress.com.br\/v1\/2015\/03\/17\/meio-ambiente-rotary-club-de-ilheus-jorge-amado-conhece-acoes-da-coolimpa-para-desenvolvimento-socioambiental\/","title":{"rendered":"MEIO AMBIENTE: ROTARY CLUB DE ILH\u00c9US JORGE AMADO CONHECE A\u00c7\u00d5ES DA COOLIMPA PARA DESENVOLVIMENTO SOCIOAMBIENTAL"},"content":{"rendered":"<p>Foi pensando no desenvolvimento sustent\u00e1vel para as presentes e futuras gera\u00e7\u00f5es na correta destina\u00e7\u00e3o dos res\u00edduos s\u00f3lidos, que o Rotary Club de Ilh\u00e9us Jorge Amado convidou a Cooperativa de Catadores de Materiais Recicl\u00e1veis de Ilh\u00e9us (COOLIMPA) para apresentar aos membros rotarianos do clube, o trabalho de inclus\u00e3o s\u00f3cio produtiva desenvolvido no munic\u00edpio que opera na realiza\u00e7\u00e3o de uma cidadania corporativa e de atividades econ\u00f4micas com responsabilidade socioambiental. Confira a reportagem completa.<\/p>\n<div id=\"attachment_92213\" style=\"width: 560px\" class=\"wp-caption aligncenter\"><a href=\"http:\/\/www.r2cpress.com.br\/v1\/wp-content\/uploads\/2015\/03\/RCJA_COOLIMPA.jpg\"><img aria-describedby=\"caption-attachment-92213\" loading=\"lazy\" class=\"size-full wp-image-92213\" src=\"http:\/\/www.r2cpress.com.br\/v1\/wp-content\/uploads\/2015\/03\/RCJA_COOLIMPA.jpg\" alt=\"RCJA_COOLIMPA\" width=\"550\" height=\"365\" srcset=\"https:\/\/www.r2cpress.com.br\/v1\/wp-content\/uploads\/2015\/03\/RCJA_COOLIMPA.jpg 550w, https:\/\/www.r2cpress.com.br\/v1\/wp-content\/uploads\/2015\/03\/RCJA_COOLIMPA-300x199.jpg 300w\" sizes=\"(max-width: 550px) 100vw, 550px\" \/><\/a><p id=\"caption-attachment-92213\" class=\"wp-caption-text\">RCJA_COOLIMPA<\/p><\/div>\n<p>A ocasi\u00e3o, ocorrida na \u00faltima quinta-feira (12), contou com representantes da entidade convidada, como a Presidente da COOLIMPA, Deizemeire Souza, a Assistente Social, servidora do Munic\u00edpio e articuladora da entidade, Emanuela Sp\u00ednola, a Presidente do Instituto Nossa Ilh\u00e9us, Maria do Socorro Mendon\u00e7a, e o Presidente da Associa\u00e7\u00e3o dos Moradores do Hernani S\u00e1, Odailson Aranha.<\/p>\n<p>O Rotary Club de Ilh\u00e9us Jorge Amado recebeu da Presidente da COOLIMPA, um projeto completo para execu\u00e7\u00e3o das demandas da entidade, entregue \u00e0 Vice-Presidente France Anne Lopes Gois Nolasco, a Secret\u00e1ria Tatyana Bonfim, o rotariano e futuro secret\u00e1rio do Clube, Armando Brum, a 2\u00aa Secret\u00e1ria, Rita Marques Lima, o Presidente da Comiss\u00e3o de Funda\u00e7\u00e3o Rot\u00e1ria e futuro Presidente do Clube, Denny Conde.<\/p>\n<p><strong>Conhe\u00e7a a COOLIMPA<\/strong><\/p>\n<p><!--more--><\/p>\n<p>Conforme a explana\u00e7\u00e3o da Assistente Social, Emanuela Sp\u00ednola, a COOLIMPA foi criada em 2010 compondo 80 cooperados, com a finalidade de incluir social e produtivamente os catadores de Ilh\u00e9us, em meio a um processo de retirada de dezenas de fam\u00edlias do lix\u00e3o &#8211; muitas das quais migraram do antigo aterro do Cururupe para o aterro do Itariri, que veio a se transformar em lix\u00e3o. Com a cria\u00e7\u00e3o da COOLIMPA, estas fam\u00edlias foram direcionadas e orientadas para o acesso aos programas sociais e uma hist\u00f3ria tem se firmado para a dignifica\u00e7\u00e3o do trabalho de dezenas de catadores.<\/p>\n<p>\u201cCom a constru\u00e7\u00e3o do galp\u00e3o de triagem de materiais recicl\u00e1veis no Aterro do Itariri, atrav\u00e9s da micro alian\u00e7a p\u00fablico privada, programa do Banco Interamericano de Desenvolvimento (BID), algumas a\u00e7\u00f5es puderam ser desenvolvidas. Por\u00e9m, al\u00e9m de ser distante da cidade, o local \u00e9 inadequado para o trabalho por ser em um lix\u00e3o, al\u00e9m da viol\u00eancia e total falta de seguran\u00e7a. Esses fatores inviabilizaram as condi\u00e7\u00f5es de trabalho, e hoje o im\u00f3vel se encontra completamente deteriorado e inadequado. Com ajuda de alguns setores, como o Minist\u00e9rio P\u00fablico na pessoa do Promotor Dr. Paulo Eduardo Figueiredo, conseguimos retirar estes catadores do lix\u00e3o, traz\u00ea-los para a cidade na miss\u00e3o de oferecermos melhores condi\u00e7\u00f5es para esta atividade\u201d, explicou a Assistente Social, Emanuela Sp\u00ednola.<\/p>\n<p>Hoje a COOLIMPA possui T\u00edtulo de Utilidade P\u00fablica Municipal de 2012, conta com 40 cooperados e atua com o recolhimento de res\u00edduos de grandes geradores em Ilh\u00e9us, como a BAMIN, Condom\u00ednios residenciais, Embasa, empreendimentos da constru\u00e7\u00e3o civil, Faculdade de Ilh\u00e9us, Infraero, Hotel Jardim Atl\u00e2ntico, Pol\u00edcia Federal, os pontos de entrega volunt\u00e1ria, e no porta a porta. De acordo com o Presidente da Associa\u00e7\u00e3o dos Moradores do Hernani S\u00e1, Odailson Aranha, \u201co bairro piloto para coleta de materiais \u00e9 o Hernani S\u00e1, mas j\u00e1 existe a coleta em toda a zona sul, perpassando do Jardim Pontal at\u00e9 Oliven\u00e7a. Fizemos um mapeamento dos grandes geradores e nossa ideia \u00e9 implantar os Pontos de Entrega Volunt\u00e1ria com o Programa de Coleta Seletiva em diversos outros locais da cidade\u201d.<\/p>\n<p>Por outro lado, a assistente informa que embora a entidade tenha sido beneficiada com a doa\u00e7\u00e3o pelo Instituto Brasileiro de Administra\u00e7\u00e3o Municipal (IBAM) de equipamentos de prote\u00e7\u00e3o individual para a triagem dos res\u00edduos, que se encontram armazenados pelo munic\u00edpio, n\u00e3o pode ser beneficiada com significativos recursos do edital \u201cFortalece COOLIMPA\u201d, devido a car\u00eancia de um galp\u00e3o.<\/p>\n<p>\u201cMediante desapropria\u00e7\u00e3o, recebemos da Prefeitura Municipal de Ilh\u00e9us uma \u00e1rea de aprox. 5.200 metros quadrados na regi\u00e3o do Couto, que precisamos destinar para a constru\u00e7\u00e3o do nosso galp\u00e3o. Hoje os catadores trabalham sem as devidas instala\u00e7\u00f5es\u201d, afirmou a Assistente Social.<\/p>\n<p>A presidente da COOLIMPA, Deizemeire Souza, aborda que as dificuldades s\u00e3o muitas, principalmente em rela\u00e7\u00e3o \u00e0 log\u00edstica no transporte dos materiais, que \u00e9 muito prec\u00e1ria. \u201cNosso trabalho \u00e9 muito significativo e importante para Ilh\u00e9us, porque al\u00e9m de ajudar os catadores, no sustento de suas fam\u00edlias, a coleta de res\u00edduos s\u00f3lidos contribui com a sociedade na prote\u00e7\u00e3o ao meio ambiente. N\u00e3o temos um resultado ainda melhor porque precisamos de um caminh\u00e3o e a constru\u00e7\u00e3o de um galp\u00e3o para sistematizar eficazmente a destina\u00e7\u00e3o destes materiais\u201d, concluiu.<\/p>\n<p><strong>Import\u00e2ncia Socioambiental<\/strong><\/p>\n<p>A Assistente Social Emanuela, aborda que \u00e9 a Pol\u00edtica Nacional de Res\u00edduos S\u00f3lidos que disciplina a responsabilidade compartilhada, abrangendo todas as pessoas, e destaca a necessidade de sensibiliza\u00e7\u00e3o da sociedade civil em fortalecer a atua\u00e7\u00e3o da COOLIMPA em Ilh\u00e9us, para o desenvolvimento ambiental e sustent\u00e1vel da regi\u00e3o.<\/p>\n<p>De acordo com a\u00a0 Presidente do Instituto Nossa Ilh\u00e9us, Maria do Socorro Mendon\u00e7a, \u201ca elabora\u00e7\u00e3o da lei municipal de res\u00edduos s\u00f3lidos foi feita de modo participativo e o plano de res\u00edduos s\u00f3lidos do nosso munic\u00edpio est\u00e1 pronto. O que ser\u00e1 decisivo, al\u00e9m da aprova\u00e7\u00e3o desta lei, \u00e9 a sua implementa\u00e7\u00e3o, e a sociedade precisa estar atenta e cobrando o poder p\u00fablico para este encaminhamento. O Instituto Nossa Ilh\u00e9us valoriza a inclus\u00e3o s\u00f3cio produtiva, e, por isso, somos parceiro da COOLIMPA, que precisa ser apoiada pela sociedade civil como um todo\u201d.<\/p>\n<p>Os rotarianos foram bastante receptivos com a disponibilidade dos articuladores e apresenta\u00e7\u00e3o da COOLIMPA. \u201cVamos discutir internamente o projeto que recebemos da COOLIMPA para averiguarmos as poss\u00edveis ajudas que o Clube pode destinar \u00e0 esta iniciativa, por meio do Rotary\u201d, informou a Vice-Presidente France Anne, que agradeceu a presen\u00e7a dos convidados, companheiros e interactianos que estiveram presentes.<\/p>\n","protected":false},"excerpt":{"rendered":"<p>Foi pensando no desenvolvimento sustent\u00e1vel para as presentes e futuras gera\u00e7\u00f5es na correta destina\u00e7\u00e3o dos res\u00edduos s\u00f3lidos, que o Rotary Club de Ilh\u00e9us Jorge Amado convidou a Cooperativa de Catadores de Materiais Recicl\u00e1veis de Ilh\u00e9us (COOLIMPA) para apresentar aos membros rotarianos do clube, o trabalho de inclus\u00e3o s\u00f3cio produtiva desenvolvido no munic\u00edpio que opera na [&hellip;]<\/p>\n","protected":false},"author":2,"featured_media":0,"comment_status":"open","ping_status":"open","sticky":false,"template":"","format":"standard","meta":{"_links_to":"","_links_to_target":""},"categories":[14],"tags":[],"_links":{"self":[{"href":"https:\/\/www.r2cpress.com.br\/v1\/wp-json\/wp\/v2\/posts\/92212"}],"collection":[{"href":"https:\/\/www.r2cpress.com.br\/v1\/wp-json\/wp\/v2\/posts"}],"about":[{"href":"https:\/\/www.r2cpress.com.br\/v1\/wp-json\/wp\/v2\/types\/post"}],"author":[{"embeddable":true,"href":"https:\/\/www.r2cpress.com.br\/v1\/wp-json\/wp\/v2\/users\/2"}],"replies":[{"embeddable":true,"href":"https:\/\/www.r2cpress.com.br\/v1\/wp-json\/wp\/v2\/comments?post=92212"}],"version-history":[{"count":1,"href":"https:\/\/www.r2cpress.com.br\/v1\/wp-json\/wp\/v2\/posts\/92212\/revisions"}],"predecessor-version":[{"id":92214,"href":"https:\/\/www.r2cpress.com.br\/v1\/wp-json\/wp\/v2\/posts\/92212\/revisions\/92214"}],"wp:attachment":[{"href":"https:\/\/www.r2cpress.com.br\/v1\/wp-json\/wp\/v2\/media?parent=92212"}],"wp:term":[{"taxonomy":"category","embeddable":true,"href":"https:\/\/www.r2cpress.com.br\/v1\/wp-json\/wp\/v2\/categories?post=92212"},{"taxonomy":"post_tag","embeddable":true,"href":"https:\/\/www.r2cpress.com.br\/v1\/wp-json\/wp\/v2\/tags?post=92212"}],"curies":[{"name":"wp","href":"https:\/\/api.w.org\/{rel}","templated":true}]}}