{"id":92224,"date":"2015-03-17T23:11:17","date_gmt":"2015-03-18T02:11:17","guid":{"rendered":"http:\/\/www.r2cpress.com.br\/v1\/?p=92224"},"modified":"2015-03-17T23:11:17","modified_gmt":"2015-03-18T02:11:17","slug":"ilheus-intensifica-combate-a-dengue-com-ajuda-do-estado","status":"publish","type":"post","link":"https:\/\/www.r2cpress.com.br\/v1\/2015\/03\/17\/ilheus-intensifica-combate-a-dengue-com-ajuda-do-estado\/","title":{"rendered":"Ilh\u00e9us intensifica combate \u00e0 dengue com ajuda do Estado"},"content":{"rendered":"<p><em>De acordo com o prefeito Jabes Ribeiro, a Sesab refor\u00e7ar\u00e1 o trabalho de combate, diagn\u00f3stico e tratamento da dengue em Ilh\u00e9us<\/em><\/p>\n<p>A Secretaria de Sa\u00fade do Estado da Bahia (Sesab) deve enviar a Ilh\u00e9us, nos pr\u00f3ximos dias, novos equipamentos e refor\u00e7o humano que se somar\u00e3o aos esfor\u00e7os do munic\u00edpio no combate, diagn\u00f3stico e tratamento da dengue. O prefeito Jabes Ribeiro esteve, nesta segunda-feira, 16, em Salvador, oportunidade em que onde se reuniu com o subsecret\u00e1rio de Sa\u00fade do Estado, Roberto Badar\u00f3, que assegurou apoio \u00e0s a\u00e7\u00f5es empreendidas na cidade contra a doen\u00e7a.<\/p>\n<p>Na reuni\u00e3o realizada em Salvador, ficou acertado o envio de um novo carro fumac\u00ea, mais dez costais para fumac\u00ea, al\u00e9m de apoio humano para aumentar as visitas \u00e0s resid\u00eancias e terrenos baldios. Segundo o prefeito, dessa forma, ser\u00e1 poss\u00edvel combater\u00a0a prolifera\u00e7\u00e3o do mosquito\u00a0<em>Aedes\u00a0<\/em><em>aegypti<\/em>.\u00a0Quanto ao diagn\u00f3stico da doen\u00e7a, o prefeito destacou que a Sesab disponibilizar\u00e1, na pr\u00f3xima semana, um equipamento que aponta o resultado do exame sorol\u00f3gico para a doen\u00e7a em 20 minutos, tornando mais r\u00e1pido\u00a0e eficiente\u00a0o tratamento m\u00e9dico, caso se confirme a contamina\u00e7\u00e3o.<\/p>\n<p>O prefeito Jabes Ribeiro tamb\u00e9m chamou aten\u00e7\u00e3o para a pontualidade do aumento das notifica\u00e7\u00f5es e afirmou que o munic\u00edpio executa, desde 2014, plano de contingenciamento de dengue. \u201cHoje, temos 102 profissionais de combate a endemias nas ruas, divididos em equipes de educa\u00e7\u00e3o, borrifa\u00e7\u00e3o\u00a0<em>[carro de fumac\u00ea]<\/em>, monitoramento e den\u00fancia, o que evidencia a aten\u00e7\u00e3o com a qual temos tratado o assunto, sempre visando preservar a vida e o bem-estar do ilheense\u201d.\u00a0Na pr\u00f3xima semana, ainda de acordo com Jabes, o secret\u00e1rio de Sa\u00fade do Estado, F\u00e1bio Vilas Boas, vir\u00e1 \u00e0 cidade verificar de perto a situa\u00e7\u00e3o, al\u00e9m de avaliar novas medidas para amenizar o quadro.<\/p>\n<p><strong>Incid\u00eancia <\/strong><\/p>\n<p><!--more--><\/p>\n<p><strong>\u00a0<\/strong>De acordo com o secret\u00e1rio de Sa\u00fade do munic\u00edpio, Antonio Ock\u00e9, Ilh\u00e9us, assim como boa parte do Brasil, passa por uma \u00e9poca bastante prop\u00edcia \u00e0 contamina\u00e7\u00e3o pela dengue, motivada pelas chuvas do fim do ver\u00e3o e a consequente prolifera\u00e7\u00e3o do inseto causador da doen\u00e7a, o Aedes\u00a0aegypti. Segundo dados da\u00a0Sesau,\u00a0nas dez primeiras semanas de 2015, foram notificados 1.456 casos suspeitos da doen\u00e7a (n\u00e3o confirmados). Ock\u00e9 ressalta, no entanto, que as notifica\u00e7\u00f5es n\u00e3o se traduzem em casos concretos da doen\u00e7a, j\u00e1 que \u00e9 necess\u00e1ria\u00a0a realiza\u00e7\u00e3o de exames sorol\u00f3gicos para detec\u00e7\u00e3o. Desse universo de\u00a0registros,\u00a0segundo o gestor, somente 50 deram positivo.<\/p>\n<p>De acordo com levantamento da Secretaria Municipal de Sa\u00fade,\u00a0os bairros\u00a0da\u00a0Conquista, Teot\u00f4nio Vilela, Malhado e Nelson Costa\u00a0abrigam\u00a0cerca de 50% dos casos\u00a0registrados\u00a0nas tr\u00eas primeiras\u00a0semanas\u00a0de 2015.\u00a0Nessas localidades, de acordo com o secret\u00e1rio Antonio Ock\u00e9, as a\u00e7\u00f5es de conscientiza\u00e7\u00e3o e combate\u00a0est\u00e3o sendo\u00a0intensificadas, com a presen\u00e7a de agentes.\u00a0A comunidade tamb\u00e9m pode denunciar poss\u00edveis focos do mosquito, pelos\u00a0telefones\u00a03234-3706 e 8881-4586.<\/p>\n<p><strong>PA da Dengue &#8211;<\/strong>\u00a0O\u00a0Pronto Atendimento (PA) da Dengue em Ilh\u00e9us \u00e9 um posto especialmente montado pela Secretaria Municipal de Sa\u00fade para atender casos suspeitos da doen\u00e7a. A unidade funciona de segunda a sexta-feira, das 7 \u00e0s 17 horas, localizada no Centro Municipal de Atendimento Especializado (CEMAE), na Rua Major Homem Del Rey, n\u00ba 100, pr\u00f3ximo ao Hospital S\u00e3o Jorge, bairro Cidade Nova, Centro.<\/p>\n<p>&#8212;<\/p>\n<p><strong>Secretaria de Comunica\u00e7\u00e3o Social \u2013 Secom<\/strong><\/p>\n","protected":false},"excerpt":{"rendered":"<p>De acordo com o prefeito Jabes Ribeiro, a Sesab refor\u00e7ar\u00e1 o trabalho de combate, diagn\u00f3stico e tratamento da dengue em Ilh\u00e9us A Secretaria de Sa\u00fade do Estado da Bahia (Sesab) deve enviar a Ilh\u00e9us, nos pr\u00f3ximos dias, novos equipamentos e refor\u00e7o humano que se somar\u00e3o aos esfor\u00e7os do munic\u00edpio no combate, diagn\u00f3stico e tratamento da [&hellip;]<\/p>\n","protected":false},"author":2,"featured_media":0,"comment_status":"open","ping_status":"open","sticky":false,"template":"","format":"standard","meta":{"_links_to":"","_links_to_target":""},"categories":[23],"tags":[],"_links":{"self":[{"href":"https:\/\/www.r2cpress.com.br\/v1\/wp-json\/wp\/v2\/posts\/92224"}],"collection":[{"href":"https:\/\/www.r2cpress.com.br\/v1\/wp-json\/wp\/v2\/posts"}],"about":[{"href":"https:\/\/www.r2cpress.com.br\/v1\/wp-json\/wp\/v2\/types\/post"}],"author":[{"embeddable":true,"href":"https:\/\/www.r2cpress.com.br\/v1\/wp-json\/wp\/v2\/users\/2"}],"replies":[{"embeddable":true,"href":"https:\/\/www.r2cpress.com.br\/v1\/wp-json\/wp\/v2\/comments?post=92224"}],"version-history":[{"count":2,"href":"https:\/\/www.r2cpress.com.br\/v1\/wp-json\/wp\/v2\/posts\/92224\/revisions"}],"predecessor-version":[{"id":92226,"href":"https:\/\/www.r2cpress.com.br\/v1\/wp-json\/wp\/v2\/posts\/92224\/revisions\/92226"}],"wp:attachment":[{"href":"https:\/\/www.r2cpress.com.br\/v1\/wp-json\/wp\/v2\/media?parent=92224"}],"wp:term":[{"taxonomy":"category","embeddable":true,"href":"https:\/\/www.r2cpress.com.br\/v1\/wp-json\/wp\/v2\/categories?post=92224"},{"taxonomy":"post_tag","embeddable":true,"href":"https:\/\/www.r2cpress.com.br\/v1\/wp-json\/wp\/v2\/tags?post=92224"}],"curies":[{"name":"wp","href":"https:\/\/api.w.org\/{rel}","templated":true}]}}