{"id":92245,"date":"2015-03-18T11:22:53","date_gmt":"2015-03-18T14:22:53","guid":{"rendered":"http:\/\/www.r2cpress.com.br\/v1\/?p=92245"},"modified":"2015-03-18T11:22:53","modified_gmt":"2015-03-18T14:22:53","slug":"dia-internacional-da-sindrome-de-down-e-comemorado-em-itabuna","status":"publish","type":"post","link":"https:\/\/www.r2cpress.com.br\/v1\/2015\/03\/18\/dia-internacional-da-sindrome-de-down-e-comemorado-em-itabuna\/","title":{"rendered":"Dia Internacional da S\u00edndrome de Down \u00e9 comemorado em Itabuna"},"content":{"rendered":"<p>Como tradicionalmente acontece em Itabuna, o N\u00facleo Aprendendo Down \u2013 Programa de Educa\u00e7\u00e3o Continuada da Universidade Estadual de Santa Cruz (Uesc) &#8211; volta a comemorar o Dia Internacional da S\u00edndrome de Down, marcado anualmente no 21 de mar\u00e7o. Em Itabuna este ano, a data ser\u00e1 lembrada com o tema <em>Cidad\u00e3o Down \u2013 Crescendo e Transformando<\/em>, tendo na programa\u00e7\u00e3o atividades educativas e de forma\u00e7\u00e3o, agendadas para hoje, (quarta-feira,18) e sexta-feira (20).<\/p>\n<p>Nesta quarta-feira ser\u00e1 realizada uma concentra\u00e7\u00e3o no Jardim do \u00d3 a partir das 15 horas, seguida de caminhada na av. do Cinquenten\u00e1rio e culmin\u00e2ncia \u00e0s 16 horas na pra\u00e7a Olinto Leoni, onde acontece uma panfletagem educativa. Familiares, amigos e os pr\u00f3prios Cidad\u00e3os Downs s\u00e3o convidados a participar da programa\u00e7\u00e3o e prestigiar a data.<\/p>\n<p>J\u00e1 na sexta-feira (20), as atividades estar\u00e3o concentradas no per\u00edodo noturno, no audit\u00f3rio da SCMI, com abertura \u00e0s 18 horas. Para esta atividade, a inscri\u00e7\u00e3o exigir\u00e1 apenas a doa\u00e7\u00e3o de um pacote de pratos descart\u00e1veis (m\u00e9dio) e um pacote de copos tamb\u00e9m descart\u00e1veis.<\/p>\n<p>A primeira fala ser\u00e1 \u201cCompartilhando do Programa Aprendendo Down\u201d, sequenciado pela palestra Escola para todos. Educa\u00e7\u00e3o Inclusiva, momento coordenado pela professora Juilma Nogueira, coordenadora do AEE\/Uesc e Diretora da Apae. J\u00e1 \u00e0s 18h30min, o tema ser\u00e1 \u201cInclus\u00e3o dos Alunos com S\u00edndrome de Down nas escolas municipais urbanas da rede regular em Ilh\u00e9us- BA\u201d, ministrada pela pedagoga Luciene Dias. Encerrando a programa\u00e7\u00e3o da noite, \u00e0s 19 horas a Psic\u00f3loga e pesquisadora de S\u00e3o Paulo Liliane Garcez falar\u00e1 sobre \u201cDireito \u00e0 Educa\u00e7\u00e3o Inclusiva e as Pol\u00edticas P\u00fablicas: o que temos e o que queremos\u201d. Mais informa\u00e7\u00f5es: 3212-2231 ou pelo e-mail <a href=\"mailto:nucleoaprendendodown@hotmail.com\">nucleoaprendendodown@hotmail.com<\/a><\/p>\n<p>&nbsp;<\/p>\n","protected":false},"excerpt":{"rendered":"<p>Como tradicionalmente acontece em Itabuna, o N\u00facleo Aprendendo Down \u2013 Programa de Educa\u00e7\u00e3o Continuada da Universidade Estadual de Santa Cruz (Uesc) &#8211; volta a comemorar o Dia Internacional da S\u00edndrome de Down, marcado anualmente no 21 de mar\u00e7o. Em Itabuna este ano, a data ser\u00e1 lembrada com o tema Cidad\u00e3o Down \u2013 Crescendo e Transformando, [&hellip;]<\/p>\n","protected":false},"author":2,"featured_media":0,"comment_status":"open","ping_status":"open","sticky":false,"template":"","format":"standard","meta":{"_links_to":"","_links_to_target":""},"categories":[15],"tags":[],"_links":{"self":[{"href":"https:\/\/www.r2cpress.com.br\/v1\/wp-json\/wp\/v2\/posts\/92245"}],"collection":[{"href":"https:\/\/www.r2cpress.com.br\/v1\/wp-json\/wp\/v2\/posts"}],"about":[{"href":"https:\/\/www.r2cpress.com.br\/v1\/wp-json\/wp\/v2\/types\/post"}],"author":[{"embeddable":true,"href":"https:\/\/www.r2cpress.com.br\/v1\/wp-json\/wp\/v2\/users\/2"}],"replies":[{"embeddable":true,"href":"https:\/\/www.r2cpress.com.br\/v1\/wp-json\/wp\/v2\/comments?post=92245"}],"version-history":[{"count":1,"href":"https:\/\/www.r2cpress.com.br\/v1\/wp-json\/wp\/v2\/posts\/92245\/revisions"}],"predecessor-version":[{"id":92246,"href":"https:\/\/www.r2cpress.com.br\/v1\/wp-json\/wp\/v2\/posts\/92245\/revisions\/92246"}],"wp:attachment":[{"href":"https:\/\/www.r2cpress.com.br\/v1\/wp-json\/wp\/v2\/media?parent=92245"}],"wp:term":[{"taxonomy":"category","embeddable":true,"href":"https:\/\/www.r2cpress.com.br\/v1\/wp-json\/wp\/v2\/categories?post=92245"},{"taxonomy":"post_tag","embeddable":true,"href":"https:\/\/www.r2cpress.com.br\/v1\/wp-json\/wp\/v2\/tags?post=92245"}],"curies":[{"name":"wp","href":"https:\/\/api.w.org\/{rel}","templated":true}]}}