{"id":92286,"date":"2015-03-19T15:37:41","date_gmt":"2015-03-19T18:37:41","guid":{"rendered":"http:\/\/www.r2cpress.com.br\/v1\/?p=92286"},"modified":"2015-03-19T15:37:41","modified_gmt":"2015-03-19T18:37:41","slug":"opus-dei-57","status":"publish","type":"post","link":"https:\/\/www.r2cpress.com.br\/v1\/2015\/03\/19\/opus-dei-57\/","title":{"rendered":"OPUS DEI"},"content":{"rendered":"<table border=\"0\" width=\"100%\" cellspacing=\"0\" cellpadding=\"0\" align=\"center\" bgcolor=\"#ffffff\">\n<tbody>\n<tr>\n<td valign=\"middle\" bgcolor=\"#efede7\" width=\"100%\" height=\"70\">\n<table border=\"0\" width=\"92%\" cellspacing=\"0\" cellpadding=\"0\" align=\"center\" bgcolor=\"#efede7\">\n<tbody>\n<tr>\n<td align=\"left\" valign=\"middle\" bgcolor=\"#efede7\" width=\"60%\"><a href=\"http:\/\/opusdei.us7.list-manage.com\/track\/click?u=1af5d7b530cb590152589eba5&amp;id=47b097a3d6&amp;e=f88f8593e5\" target=\"_blank\"><img class=\"CToWUd\" src=\"https:\/\/ci5.googleusercontent.com\/proxy\/EtNKQQ_SWBO7iAW-9wsSZrzEYnXlfPuBYQyXUxy-vxzz65Hmv6hVlaiUd_eYpNzh5xL882-jcosafokPU0MhWOXvC3cvECUCzBdlIG6FGvU4yJZ9ViQ0-g=s0-d-e1-ft#http:\/\/odnmedia.s3.amazonaws.com\/static\/images\/newsletter\/logo.gif\" alt=\"Opus Dei\" border=\"0\" \/><\/a><\/td>\n<td bgcolor=\"#efede7\" width=\"4%\"><\/td>\n<td align=\"right\" valign=\"middle\" bgcolor=\"#efede7\" width=\"36%\"><\/td>\n<\/tr>\n<\/tbody>\n<\/table>\n<\/td>\n<\/tr>\n<tr>\n<td valign=\"top\" width=\"100%\">\n<table border=\"0\" width=\"92%\" cellspacing=\"0\" cellpadding=\"0\" align=\"center\">\n<tbody>\n<tr>\n<td valign=\"top\" width=\"100%\"><i>19 de Mar\u00e7o de 2015<\/i><\/td>\n<\/tr>\n<tr>\n<td valign=\"top\" width=\"100%\"><img loading=\"lazy\" class=\"CToWUd\" src=\"https:\/\/ci6.googleusercontent.com\/proxy\/lzY2OQ6zKLFtDe4bDFwHMZSyRMZxW1UiLzRjBntDHwVhBF3USqgecpKyAXa9cXTm5IW262D4yftt9A6qVUNK-7ZNHa-wq9qN4KSDRBuUnYOpib9spVtSB6uzES58X14=s0-d-e1-ft#http:\/\/odnmedia.s3.amazonaws.com\/static\/images\/newsletter\/bulletintro.gif\" alt=\"\" width=\"14\" height=\"14\" border=\"0\" \/> Artigo do bem-aventurado \u00c1lvaro del Portillo sobre S\u00e3o Jos\u00e9, Papa Francisco fala sobre as crian\u00e7as em sua catequese e artigo sobre o Jubileu extraordin\u00e1rio: Ano Santo da Miseric\u00f3rdia anunciado na \u00faltima sexta feira.<\/td>\n<\/tr>\n<tr>\n<td height=\"29\"><\/td>\n<\/tr>\n<tr>\n<td valign=\"top\" width=\"100%\">\n<table border=\"0\" width=\"100%\" cellspacing=\"0\" cellpadding=\"0\">\n<tbody>\n<tr>\n<td align=\"right\" valign=\"top\" width=\"30%\"><a href=\"http:\/\/opusdei.us7.list-manage.com\/track\/click?u=1af5d7b530cb590152589eba5&amp;id=f91c3a9e5b&amp;e=f88f8593e5\" target=\"_blank\"><img class=\"CToWUd\" src=\"https:\/\/ci3.googleusercontent.com\/proxy\/tp4mmt-sV2g1LQs4lb_caVFQGt3l0tZxK3qJymbvb50cjw33iwRh6sravszIVGA7YMHNW6C8Nuqi-WBsvYeYgz3MBmejMUHALrKsMFCWJzdWaS9W3JETc-trFZpRjOHox0jebJNrg_VCU2pOm9RWcdB00X8x4LRlJF0I=s0-d-e1-ft#http:\/\/odnmedia.s3.amazonaws.com\/image\/san_jose_opusdei_20150316084515234313_20150316193101588403.jpg\" alt=\"\" width=\"96\" border=\"0\" \/><\/a><\/td>\n<td width=\"4%\"><\/td>\n<td valign=\"top\" width=\"66%\">\n<table border=\"0\" width=\"100%\" cellspacing=\"0\" cellpadding=\"0\">\n<tbody>\n<tr>\n<td valign=\"top\"><a href=\"http:\/\/opusdei.us7.list-manage.com\/track\/click?u=1af5d7b530cb590152589eba5&amp;id=39e2f5d05b&amp;e=f88f8593e5\" target=\"_blank\"><b>MAIS RECURSOS<\/b><\/a><\/td>\n<\/tr>\n<tr>\n<td valign=\"top\"><a href=\"http:\/\/opusdei.us7.list-manage.com\/track\/click?u=1af5d7b530cb590152589eba5&amp;id=5c2cd1459d&amp;e=f88f8593e5\" target=\"_blank\"><b>Bem-aventurado \u00c1lvaro: &#8220;S\u00e3o Jos\u00e9 n\u00e3o poupou esfor\u00e7os&#8221;<\/b><\/a><\/td>\n<\/tr>\n<tr>\n<td valign=\"top\">Durante a Quaresma, publicamos textos do bem-aventurado \u00c1lvaro sobre temas pr\u00f3prios deste tempo lit\u00fargico, como la pr\u00e1tica de obras de miseric\u00f3rdia e o esp\u00edrito de penit\u00eancia.<\/td>\n<\/tr>\n<\/tbody>\n<\/table>\n<\/td>\n<\/tr>\n<\/tbody>\n<\/table>\n<\/td>\n<\/tr>\n<tr>\n<td height=\"18\"><\/td>\n<\/tr>\n<tr>\n<td valign=\"top\" width=\"100%\">\n<table border=\"0\" width=\"100%\" cellspacing=\"0\" cellpadding=\"0\">\n<tbody>\n<tr>\n<td align=\"right\" valign=\"top\" width=\"30%\"><a href=\"http:\/\/opusdei.us7.list-manage1.com\/track\/click?u=1af5d7b530cb590152589eba5&amp;id=aea810a10c&amp;e=f88f8593e5\" target=\"_blank\"><img class=\"CToWUd\" src=\"https:\/\/ci6.googleusercontent.com\/proxy\/8q50sftqVUJt2mXuSHzFbsH6KaWZshhk_vNuSdhZ06Y8eHvUKaJzVMbuyhLi6dGr7Qz8lOx0s1mQlv6OroooK1LH-qZoWuU73N3j88Jc-hvBodk2BaeOtSfPmxB9DU5dBXKUDx4W15leOpNVAGg=s0-d-e1-ft#http:\/\/odnmedia.s3.amazonaws.com\/image\/16577984619_dd839db934_z_20150318154037632585.jpg\" alt=\"\" width=\"96\" border=\"0\" \/><\/a><\/td>\n<td width=\"4%\"><\/td>\n<td valign=\"top\" width=\"66%\">\n<table border=\"0\" width=\"100%\" cellspacing=\"0\" cellpadding=\"0\">\n<tbody>\n<tr>\n<td valign=\"top\"><a href=\"http:\/\/opusdei.us7.list-manage.com\/track\/click?u=1af5d7b530cb590152589eba5&amp;id=d54dfe7d8d&amp;e=f88f8593e5\" target=\"_blank\"><b>PAPA<\/b><\/a><\/td>\n<\/tr>\n<tr>\n<td valign=\"top\"><a href=\"http:\/\/opusdei.us7.list-manage1.com\/track\/click?u=1af5d7b530cb590152589eba5&amp;id=063ea20074&amp;e=f88f8593e5\" target=\"_blank\"><b>Aprender com a simplicidade das crian\u00e7as<\/b><\/a><\/td>\n<\/tr>\n<tr>\n<td valign=\"top\">Francisco est\u00e1 concluindo seu primeiro c\u00edrculo de catequeses sobre a fam\u00edlia. Falou sobre as m\u00e3es, os pais e os av\u00f3s. Nesta ocasi\u00e3o refletiu sobre as crian\u00e7as. Sublinhou o quanto os adultos devem aprender a simplicidade das crian\u00e7as e concluiu&#8230;<\/td>\n<\/tr>\n<\/tbody>\n<\/table>\n<\/td>\n<\/tr>\n<\/tbody>\n<\/table>\n<\/td>\n<\/tr>\n<tr>\n<td height=\"18\"><\/td>\n<\/tr>\n<tr>\n<td valign=\"top\" width=\"100%\">\n<table border=\"0\" width=\"100%\" cellspacing=\"0\" cellpadding=\"0\">\n<tbody>\n<tr>\n<td align=\"right\" valign=\"top\" width=\"30%\"><a href=\"http:\/\/opusdei.us7.list-manage.com\/track\/click?u=1af5d7b530cb590152589eba5&amp;id=07718bbf7a&amp;e=f88f8593e5\" target=\"_blank\"><img class=\"CToWUd\" src=\"https:\/\/ci4.googleusercontent.com\/proxy\/Ce1r3ozxLW_DKeckQNyPltTjDzTFyHHvBIWHn_xXLddPlYr7vFiFRCmWsKeBmThMsnPXFAzYxjSNgo3QfQCzdvGIsKVEXEW9_fGf5FA_xSoq4eBeJa00UDOJEKWj76i8KRiLME6Gl83FBEB1bvs=s0-d-e1-ft#http:\/\/odnmedia.s3.amazonaws.com\/image\/16645369920_614a871c73_z_20150317151429970546.jpg\" alt=\"\" width=\"96\" border=\"0\" \/><\/a><\/td>\n<td width=\"4%\"><\/td>\n<td valign=\"top\" width=\"66%\">\n<table border=\"0\" width=\"100%\" cellspacing=\"0\" cellpadding=\"0\">\n<tbody>\n<tr>\n<td valign=\"top\"><a href=\"http:\/\/opusdei.us7.list-manage.com\/track\/click?u=1af5d7b530cb590152589eba5&amp;id=d1d69657e6&amp;e=f88f8593e5\" target=\"_blank\"><b>PAPA<\/b><\/a><\/td>\n<\/tr>\n<tr>\n<td valign=\"top\"><a href=\"http:\/\/opusdei.us7.list-manage.com\/track\/click?u=1af5d7b530cb590152589eba5&amp;id=1098c22451&amp;e=f88f8593e5\" target=\"_blank\"><b>O Papa Francisco anuncia um Jubileu extraordin\u00e1rio: Ano Santo da Miseric\u00f3rdia<\/b><\/a><\/td>\n<\/tr>\n<tr>\n<td valign=\"top\">No dia 13 de mar\u00e7o o Papa Francisco anunciou, na Bas\u00edlica de S\u00e3o Padro, a celebra\u00e7\u00e3o de um Ano Santo extraordin\u00e1rio.<\/td>\n<\/tr>\n<\/tbody>\n<\/table>\n<\/td>\n<\/tr>\n<\/tbody>\n<\/table>\n<\/td>\n<\/tr>\n<\/tbody>\n<\/table>\n<\/td>\n<\/tr>\n<\/tbody>\n<\/table>\n","protected":false},"excerpt":{"rendered":"<p>19 de Mar\u00e7o de 2015 Artigo do bem-aventurado \u00c1lvaro del Portillo sobre S\u00e3o Jos\u00e9, Papa Francisco fala sobre as crian\u00e7as em sua catequese e artigo sobre o Jubileu extraordin\u00e1rio: Ano Santo da Miseric\u00f3rdia anunciado na \u00faltima sexta feira. MAIS RECURSOS Bem-aventurado \u00c1lvaro: &#8220;S\u00e3o Jos\u00e9 n\u00e3o poupou esfor\u00e7os&#8221; Durante a Quaresma, publicamos textos do bem-aventurado \u00c1lvaro [&hellip;]<\/p>\n","protected":false},"author":2,"featured_media":0,"comment_status":"open","ping_status":"open","sticky":false,"template":"","format":"standard","meta":{"_links_to":"","_links_to_target":""},"categories":[28],"tags":[],"_links":{"self":[{"href":"https:\/\/www.r2cpress.com.br\/v1\/wp-json\/wp\/v2\/posts\/92286"}],"collection":[{"href":"https:\/\/www.r2cpress.com.br\/v1\/wp-json\/wp\/v2\/posts"}],"about":[{"href":"https:\/\/www.r2cpress.com.br\/v1\/wp-json\/wp\/v2\/types\/post"}],"author":[{"embeddable":true,"href":"https:\/\/www.r2cpress.com.br\/v1\/wp-json\/wp\/v2\/users\/2"}],"replies":[{"embeddable":true,"href":"https:\/\/www.r2cpress.com.br\/v1\/wp-json\/wp\/v2\/comments?post=92286"}],"version-history":[{"count":1,"href":"https:\/\/www.r2cpress.com.br\/v1\/wp-json\/wp\/v2\/posts\/92286\/revisions"}],"predecessor-version":[{"id":92287,"href":"https:\/\/www.r2cpress.com.br\/v1\/wp-json\/wp\/v2\/posts\/92286\/revisions\/92287"}],"wp:attachment":[{"href":"https:\/\/www.r2cpress.com.br\/v1\/wp-json\/wp\/v2\/media?parent=92286"}],"wp:term":[{"taxonomy":"category","embeddable":true,"href":"https:\/\/www.r2cpress.com.br\/v1\/wp-json\/wp\/v2\/categories?post=92286"},{"taxonomy":"post_tag","embeddable":true,"href":"https:\/\/www.r2cpress.com.br\/v1\/wp-json\/wp\/v2\/tags?post=92286"}],"curies":[{"name":"wp","href":"https:\/\/api.w.org\/{rel}","templated":true}]}}