{"id":92311,"date":"2015-03-20T12:02:15","date_gmt":"2015-03-20T15:02:15","guid":{"rendered":"http:\/\/www.r2cpress.com.br\/v1\/?p=92311"},"modified":"2015-03-20T12:02:15","modified_gmt":"2015-03-20T15:02:15","slug":"governo-apresenta-proposta-de-consorcios-de-saude","status":"publish","type":"post","link":"https:\/\/www.r2cpress.com.br\/v1\/2015\/03\/20\/governo-apresenta-proposta-de-consorcios-de-saude\/","title":{"rendered":"Governo apresenta proposta de cons\u00f3rcios de sa\u00fade"},"content":{"rendered":"<p>Voltado para a amplia\u00e7\u00e3o e descentraliza\u00e7\u00e3o de servi\u00e7os de sa\u00fade e o reequil\u00edbrio financeiro dos munic\u00edpios, o modelo de cons\u00f3rcios interfederativos \u2013 os financiamentos da sa\u00fade \u2013 foi apresentado na manh\u00e3 desta sexta-feira (20), pelo governador Rui Costa e pelo secret\u00e1rio de Sa\u00fade do Estado, F\u00e1bio Villas-Boas. Prefeitos de munic\u00edpios baianos conheceram a proposta durante reuni\u00e3o realizada na sede da UPB, no CAB.<\/p>\n<div id=\"attachment_92312\" style=\"width: 510px\" class=\"wp-caption aligncenter\"><a href=\"http:\/\/www.r2cpress.com.br\/v1\/wp-content\/uploads\/2015\/03\/by-Manu-Dias_GOVBA_.jpg\"><img aria-describedby=\"caption-attachment-92312\" loading=\"lazy\" class=\"size-full wp-image-92312\" src=\"http:\/\/www.r2cpress.com.br\/v1\/wp-content\/uploads\/2015\/03\/by-Manu-Dias_GOVBA_.jpg\" alt=\"by Manu Dias_GOVBA\" width=\"500\" height=\"353\" srcset=\"https:\/\/www.r2cpress.com.br\/v1\/wp-content\/uploads\/2015\/03\/by-Manu-Dias_GOVBA_.jpg 500w, https:\/\/www.r2cpress.com.br\/v1\/wp-content\/uploads\/2015\/03\/by-Manu-Dias_GOVBA_-300x211.jpg 300w\" sizes=\"(max-width: 500px) 100vw, 500px\" \/><\/a><p id=\"caption-attachment-92312\" class=\"wp-caption-text\">by Manu Dias_GOVBA<\/p><\/div>\n<div>\n<div align=\"justify\">No modelo apresentado, os cons\u00f3rcios ser\u00e3o respons\u00e1veis pela gest\u00e3o regionalizada de servi\u00e7os, como unidades de pronto atendimento, laborat\u00f3rios regionais e, eventualmente, o SAMU 192, e hospitais municipais e filantr\u00f3picos. A meta \u00e9 construir 28 policl\u00ednicas, com 32 especialidades, e equipamentos, como tom\u00f3grafos, resson\u00e2ncia magn\u00e9tica, rastreamento de c\u00e2ncer de mama e v\u00e1rios outros exames. &#8220;Nosso objetivo \u00e9 que as pessoas n\u00e3o precisem viajar 600, 800 quil\u00f4metros para chegar \u00e0 capital e fazer seus exames, mas fazer nas regi\u00f5es do estado&#8221;, disse Rui.<\/p>\n<p>De acordo com o governador, ap\u00f3s a discuss\u00e3o com os gestores municipais e a regulamenta\u00e7\u00e3o dos cons\u00f3rcios, a expectativa \u00e9 iniciar as obras de dez policl\u00ednicas em dez polos regionais, ainda este ano. A proposta \u00e9 que o Estado seja o respons\u00e1vel pela constru\u00e7\u00e3o e aquisi\u00e7\u00e3o dos equipamentos das unidades, al\u00e9m de cofinanciar at\u00e9 40% da manuten\u00e7\u00e3o, enquanto os munic\u00edpios consorciados ir\u00e3o ratear o restante. O investimento estimado em cada policl\u00ednica ser\u00e1 de R$ 12 milh\u00f5es (constru\u00e7\u00e3o e equipamentos), enquanto a manuten\u00e7\u00e3o gira em torno de R$ 700 mil por m\u00eas.<\/p>\n<p>O modelo sugerido \u00e9 semelhante ao sistema bem sucedido implantado no Cear\u00e1. Al\u00e9m da maior efici\u00eancia no atendimento e qualidade dos servi\u00e7os de sa\u00fade, o rateio dos 60% restantes entre os munic\u00edpios de cada cons\u00f3rcio na manuten\u00e7\u00e3o das unidades vai garantir redu\u00e7\u00e3o nos custos com o atendimento m\u00e9dico \u00e0 popula\u00e7\u00e3o.<\/p><\/div>\n<\/div>\n","protected":false},"excerpt":{"rendered":"<p>Voltado para a amplia\u00e7\u00e3o e descentraliza\u00e7\u00e3o de servi\u00e7os de sa\u00fade e o reequil\u00edbrio financeiro dos munic\u00edpios, o modelo de cons\u00f3rcios interfederativos \u2013 os financiamentos da sa\u00fade \u2013 foi apresentado na manh\u00e3 desta sexta-feira (20), pelo governador Rui Costa e pelo secret\u00e1rio de Sa\u00fade do Estado, F\u00e1bio Villas-Boas. Prefeitos de munic\u00edpios baianos conheceram a proposta durante [&hellip;]<\/p>\n","protected":false},"author":2,"featured_media":0,"comment_status":"open","ping_status":"open","sticky":false,"template":"","format":"standard","meta":{"_links_to":"","_links_to_target":""},"categories":[29],"tags":[],"_links":{"self":[{"href":"https:\/\/www.r2cpress.com.br\/v1\/wp-json\/wp\/v2\/posts\/92311"}],"collection":[{"href":"https:\/\/www.r2cpress.com.br\/v1\/wp-json\/wp\/v2\/posts"}],"about":[{"href":"https:\/\/www.r2cpress.com.br\/v1\/wp-json\/wp\/v2\/types\/post"}],"author":[{"embeddable":true,"href":"https:\/\/www.r2cpress.com.br\/v1\/wp-json\/wp\/v2\/users\/2"}],"replies":[{"embeddable":true,"href":"https:\/\/www.r2cpress.com.br\/v1\/wp-json\/wp\/v2\/comments?post=92311"}],"version-history":[{"count":2,"href":"https:\/\/www.r2cpress.com.br\/v1\/wp-json\/wp\/v2\/posts\/92311\/revisions"}],"predecessor-version":[{"id":92314,"href":"https:\/\/www.r2cpress.com.br\/v1\/wp-json\/wp\/v2\/posts\/92311\/revisions\/92314"}],"wp:attachment":[{"href":"https:\/\/www.r2cpress.com.br\/v1\/wp-json\/wp\/v2\/media?parent=92311"}],"wp:term":[{"taxonomy":"category","embeddable":true,"href":"https:\/\/www.r2cpress.com.br\/v1\/wp-json\/wp\/v2\/categories?post=92311"},{"taxonomy":"post_tag","embeddable":true,"href":"https:\/\/www.r2cpress.com.br\/v1\/wp-json\/wp\/v2\/tags?post=92311"}],"curies":[{"name":"wp","href":"https:\/\/api.w.org\/{rel}","templated":true}]}}