{"id":92318,"date":"2015-03-20T15:24:00","date_gmt":"2015-03-20T18:24:00","guid":{"rendered":"http:\/\/www.r2cpress.com.br\/v1\/?p=92318"},"modified":"2015-03-20T15:24:00","modified_gmt":"2015-03-20T18:24:00","slug":"inema-aponta-que-maioria-das-praias-analisadas-em-ilheus-esta-propria-ao-banho","status":"publish","type":"post","link":"https:\/\/www.r2cpress.com.br\/v1\/2015\/03\/20\/inema-aponta-que-maioria-das-praias-analisadas-em-ilheus-esta-propria-ao-banho\/","title":{"rendered":"Inema aponta que maioria das praias analisadas em Ilh\u00e9us est\u00e1 pr\u00f3pria ao banho"},"content":{"rendered":"<div class=\"gmail_quote\">\n<div dir=\"ltr\">\n<p align=\"center\"><i>Relat\u00f3rio aponta que a \u00e1gua de 11 dos 15 pontos litor\u00e2neos analisados est\u00e1 dentro dos par\u00e2metros para recrea\u00e7\u00e3o humana<\/i><\/p>\n<p align=\"justify\"><span style=\"color: #000000;\"><span style=\"font-family: Tahoma, sans-serif;\">Divulgado nesta sexta-feira, 20, o mais recente boletim de balneabilidade, mecanismo pelo qual o Instituto do Meio Ambiente e Recursos H\u00eddricos da Bahia (Inema) avalia a qualidade da \u00e1gua do mar em todo o Estado, indica que onze praias localizadas em Ilh\u00e9us est\u00e3o pr\u00f3prias ao banho. Ao todo, foram feitas an\u00e1lises de material recolhido em quinze pontos da cidade.<\/span><\/span><\/p>\n<p align=\"justify\">O \u00f3rg\u00e3o respons\u00e1vel pelo relat\u00f3rio afirma que as seguintes praias est\u00e3o pr\u00f3prias ao banho: Oliven\u00e7a (100 metros depois da foz do riacho); Sul (em frente \u00e0s barracas, acesso ao Km 0, em dire\u00e7\u00e3o ao Aeroporto de Ilh\u00e9us); Avenida (altura da lanchonete Subway); Ponta da Tulha (na altura do km 20 da rodovia Ilh\u00e9us-Itacar\u00e9); Opaba (pr\u00f3ximo \u00e0 barraca Brilho do Luau); Ceplus (antes da esta\u00e7\u00e3o de tratamento da Embasa e atr\u00e1s da Cabana Guarani); Milion\u00e1rios (imedia\u00e7\u00f5es da Cabana Gabriela); Cururupe (pr\u00f3ximo \u00e0 cabana Marysol); e S\u00e3o Miguel (em frente a rua de acesso \u00e0 praia).<\/p>\n<p align=\"justify\">O instituto faz o diagn\u00f3stico das condi\u00e7\u00f5es de balneabilidade das praias usando amostras recolhidas durante cinco semanas na costa litor\u00e2nea da Barra de S\u00e3o Miguel, Marciano, Malhado, Avenida, Cristo, Opaba, Milion\u00e1rios, Oliven\u00e7a e Cururupe, tamb\u00e9m a 100 metros antes e depois da Ceplus. No munic\u00edpio, o recolhimento \u00e9 feito em parceria com a secretaria Municipal de Meio Ambiente e Urbanismo (Semau).<\/p>\n<p align=\"justify\">No mesmo estudo, dispon\u00edvel na p\u00e1gina oficial do Inema na internet, figuram como impr\u00f3prias ao banho as seguintes praias: Concha (em frente \u00e0s barracas de praia e pr\u00f3ximo \u00e0 desembocadura do Rio de Contas); Cristo (pr\u00f3ximo \u00e0 barraca Point Conde Badar\u00f3); Malhado (pr\u00f3ximo \u00e0 escultura da sereia); e Marciano (pr\u00f3ximo ao Bar Litr\u00e3o).<\/p>\n<p align=\"justify\">Al\u00e9m de disponibilizar o relat\u00f3rio, o instituto orienta aos banhistas que evitem entrar no mar sob chuva ou ap\u00f3s per\u00edodo de tempestade. Quem for aproveitar o fim de semana na costa ilheense devem lembrar que, para expor-se ao sol, \u00e9 necess\u00e1rio o uso de protetor solar, chap\u00e9us, \u00e1gua e alimenta\u00e7\u00e3o leve, al\u00e9m de aten\u00e7\u00e3o e cuidados com crian\u00e7as \u00e0 beira mar. S\u00e3o desaconselh\u00e1veis o banho em proximidade de sa\u00eddas de esgoto, desembocadura de rios urbanos, c\u00f3rregos e canais de drenagem.<\/p>\n<\/div>\n<\/div>\n<p>&#8212;<\/p>\n<div><b>Secretaria de Comunica\u00e7\u00e3o Social (Secom)<\/b><\/div>\n","protected":false},"excerpt":{"rendered":"<p>Relat\u00f3rio aponta que a \u00e1gua de 11 dos 15 pontos litor\u00e2neos analisados est\u00e1 dentro dos par\u00e2metros para recrea\u00e7\u00e3o humana Divulgado nesta sexta-feira, 20, o mais recente boletim de balneabilidade, mecanismo pelo qual o Instituto do Meio Ambiente e Recursos H\u00eddricos da Bahia (Inema) avalia a qualidade da \u00e1gua do mar em todo o Estado, indica [&hellip;]<\/p>\n","protected":false},"author":2,"featured_media":0,"comment_status":"open","ping_status":"open","sticky":false,"template":"","format":"standard","meta":{"_links_to":"","_links_to_target":""},"categories":[23],"tags":[],"_links":{"self":[{"href":"https:\/\/www.r2cpress.com.br\/v1\/wp-json\/wp\/v2\/posts\/92318"}],"collection":[{"href":"https:\/\/www.r2cpress.com.br\/v1\/wp-json\/wp\/v2\/posts"}],"about":[{"href":"https:\/\/www.r2cpress.com.br\/v1\/wp-json\/wp\/v2\/types\/post"}],"author":[{"embeddable":true,"href":"https:\/\/www.r2cpress.com.br\/v1\/wp-json\/wp\/v2\/users\/2"}],"replies":[{"embeddable":true,"href":"https:\/\/www.r2cpress.com.br\/v1\/wp-json\/wp\/v2\/comments?post=92318"}],"version-history":[{"count":2,"href":"https:\/\/www.r2cpress.com.br\/v1\/wp-json\/wp\/v2\/posts\/92318\/revisions"}],"predecessor-version":[{"id":92320,"href":"https:\/\/www.r2cpress.com.br\/v1\/wp-json\/wp\/v2\/posts\/92318\/revisions\/92320"}],"wp:attachment":[{"href":"https:\/\/www.r2cpress.com.br\/v1\/wp-json\/wp\/v2\/media?parent=92318"}],"wp:term":[{"taxonomy":"category","embeddable":true,"href":"https:\/\/www.r2cpress.com.br\/v1\/wp-json\/wp\/v2\/categories?post=92318"},{"taxonomy":"post_tag","embeddable":true,"href":"https:\/\/www.r2cpress.com.br\/v1\/wp-json\/wp\/v2\/tags?post=92318"}],"curies":[{"name":"wp","href":"https:\/\/api.w.org\/{rel}","templated":true}]}}