{"id":92441,"date":"2015-03-25T18:07:04","date_gmt":"2015-03-25T21:07:04","guid":{"rendered":"http:\/\/www.r2cpress.com.br\/v1\/?p=92441"},"modified":"2015-03-25T18:07:04","modified_gmt":"2015-03-25T21:07:04","slug":"noticias-da-avep-55","status":"publish","type":"post","link":"https:\/\/www.r2cpress.com.br\/v1\/2015\/03\/25\/noticias-da-avep-55\/","title":{"rendered":"NOT\u00cdCIAS DA AVEP"},"content":{"rendered":"<p><center><img loading=\"lazy\" class=\"aligncenter\" src=\"http:\/\/www.r2cpress.com.br\/v1\/wp-content\/uploads\/CART%C3%83O-HECKEL-AVEP-300x115.jpg\" alt=\"\" width=\"300\" height=\"115\" \/><\/center><\/p>\n<h2 style=\"text-align: center;\"><span style=\"color: #0000ff;\"><strong>CAPIT\u00c3ES LUIZ HUMBERTO E RENATINHO VENCEM NA 2\u00aa RODADA<\/strong><\/span><\/h2>\n<div style=\"width: 610px\" class=\"wp-caption aligncenter\"><img loading=\"lazy\" class=\"\" src=\"https:\/\/lh5.googleusercontent.com\/--KKgDOHUgJM\/VRMgMxziomI\/AAAAAAABlic\/GxrYBX3uJ5Q\/s600\/F_4.jpg\" alt=\"\" width=\"600\" height=\"338\" \/><p class=\"wp-caption-text\">01<\/p><\/div>\n<div style=\"width: 610px\" class=\"wp-caption aligncenter\"><img loading=\"lazy\" class=\"\" src=\"https:\/\/lh6.googleusercontent.com\/-HUI2hK5cis4\/VRMgLwgDAjI\/AAAAAAABlik\/l0eiya6dPU0\/s600\/F_1.jpg\" alt=\"\" width=\"600\" height=\"338\" \/><p class=\"wp-caption-text\">02<\/p><\/div>\n<div style=\"width: 610px\" class=\"wp-caption aligncenter\"><img loading=\"lazy\" class=\"\" src=\"https:\/\/lh4.googleusercontent.com\/-zcfLnaoKvFE\/VRMgL_k13UI\/AAAAAAABlh8\/AC6q3VyQXXo\/s600\/F_2.jpg\" alt=\"\" width=\"600\" height=\"338\" \/><p class=\"wp-caption-text\">03<\/p><\/div>\n<div style=\"width: 610px\" class=\"wp-caption aligncenter\"><img loading=\"lazy\" class=\"\" src=\"https:\/\/lh5.googleusercontent.com\/-dSu3fzOGjCM\/VRMgL5nir5I\/AAAAAAABlhw\/Pf8cdNBbZKM\/s600\/F_3.jpg\" alt=\"\" width=\"600\" height=\"338\" \/><p class=\"wp-caption-text\">04<\/p><\/div>\n<p style=\"text-align: center;\"><strong><em>\u201cGANHAR \u00c9 BOM PRA PORRAAAAAA!!!\u201d<\/em><\/strong><\/p>\n<p><em>N\u00e3o poder\u00edamos iniciar esta Not\u00edcias sem o grito de guerra acima em homenagem ao Colo Colo pelo hist\u00f3rico 2 a 0 em cima do Vit\u00f3ria. Grito, meio desabafo nascido nos momentos \u2018bebemorativos\u2019 da Avep, de Paulo Carvalho (o Paul\u00f4 da Bitway), beque de espera \u2013e quando cisma, atacante \u2013 avepiano e um dos bra\u00e7os importante dessa agremia\u00e7\u00e3o do futebol profissional baiano.<\/em><\/p>\n<p>Iniciando, domingo(22) pela manh\u00e3 a Associa\u00e7\u00e3o dos Veteranos de Esporte Praiano \u2013 AVEP, realizou a segunda rodada de \u201cbabas de praia\u201d de sua Programa\u00e7\u00e3o 2015, como de costume, na praia da Av. Soares Lopes, imedia\u00e7\u00f5es da Tenda Teatro Popular. No Campo 1(ou <strong>Grimaldo<\/strong>) a equipe do <strong><em>Capit\u00e3o Lu\u00eds Humberto<\/em><\/strong> derrotou a comandada pelo <strong><em>Capit\u00e3o Djalma Peludo<\/em><\/strong> pelo escore de <strong>4 a<\/strong><strong> 2,<\/strong> com gols dos atacantes <strong><em>Z\u00e9 Eduardo(2), Marconi e Melga\u00e7o<\/em><\/strong> para a vencedora e dos dianteiros <strong><em>Mauricio, Zezinho e Wendel <\/em><\/strong>para a perdedora.. No 2 (ou <strong>Martial<\/strong>) o quadro do <strong><em>Capit\u00e3o Renatinho<\/em><\/strong> venceu o do <strong><em>Capit\u00e3o Tiuba<\/em><\/strong> pelo placar de <strong>5 a<\/strong><strong> 2<\/strong>. Assinalaram os meias <strong><em>Silva, Claudio <\/em><\/strong>e os atacantes<strong><em> Lu\u00eds Eduardo(2) e Renatinho; <\/em><\/strong>o atacante<strong> Wagner(2)<\/strong> conferiu pro vencido. Os \u00e1rbitros <strong>Wilson Salviano<\/strong>(Campo 1) e <strong>Valmir Miranda de Souza<\/strong>, ambos da Liga Ilheense de Futebol, foram notificados positivamente.<\/p>\n<p><strong><em>Equipes no Campo 1<\/em><\/strong><em> &#8211; <strong>(Cap. Luiz Humberto<\/strong>):<\/em><\/p>\n<p><!--more--><\/p>\n<p><em>Rosivaldo, Robert\u00e3o, Heckel, Eduardo Japon\u00eas, Everaldo Cabe\u00e7a de Flande, Silmar, Luiz Humberto, Melga\u00e7o, Marconi, Carqueija e Z\u00e9 Eduardo\u00a0 <strong>X<\/strong>\u00a0 <strong>(Cap. Djalma Peludo<\/strong>): Luciano do DI, Galletti, Robson, Djalma Peludo, Maurilio(depois Vado aos 15 m do 2\u00aa tempo), \u00a0Haroldo(depois Zezinho aos 30m da 1\u00aa etapa), Adauto, Duda Pantera, Sena, Mauricio(depois Wendel no intervalo do jogo) e Major<\/em><\/p>\n<p><strong><em>Equipe no Campo 2 \u2013 (Cap. Tiuba<\/em><\/strong><em>): Zezinho(depois Jamilton aos 25 da 1\u00aa etapa), Tiuba, Bacelar, Silvio Reis(depois Aelson aos 30\u2019 da 1\u00aa etapa), Jorge Reis, Mario Cabe\u00e7a Branca, Danilo, Marcondes (depois Tarc\u00edsio aos 10\u2019 da 2\u00aa etapa), Zugaib(depois Paulo Gois aos 15 da 2\u00aa etapa), Wagner e Jatob\u00e1\u00a0 <strong>X<\/strong>\u00a0 (<strong>Cap. Renatinho<\/strong>): Erisvan, Dinho, Silvan, Silva, Luis Eduardo, Slaibi, Rogerio(Boca Preta) Midlej,\u00a0 Alan Carioca, Garrancho(depois Claudio Assis no intervalo), \u00a0Renatinho e Ralio<\/em>.<\/p>\n<p><strong>Notas<\/strong><\/p>\n<div style=\"width: 610px\" class=\"wp-caption aligncenter\"><img loading=\"lazy\" class=\"\" src=\"https:\/\/lh3.googleusercontent.com\/-l_sIo_dXnTw\/VRMgNDwv-KI\/AAAAAAABliY\/S9NXgvciLP8\/s600\/F_5.jpg\" alt=\"\" width=\"600\" height=\"337\" \/><p class=\"wp-caption-text\">05<\/p><\/div>\n<div style=\"width: 610px\" class=\"wp-caption aligncenter\"><img loading=\"lazy\" class=\"\" src=\"https:\/\/lh6.googleusercontent.com\/-0_8PnKwaENs\/VRMgNkfYabI\/AAAAAAABliM\/3eU7Jsy_JGE\/s600\/F_6.jpg\" alt=\"\" width=\"600\" height=\"338\" \/><p class=\"wp-caption-text\">06<\/p><\/div>\n<div style=\"width: 610px\" class=\"wp-caption aligncenter\"><img loading=\"lazy\" class=\"\" src=\"https:\/\/lh5.googleusercontent.com\/-ggL1e-3oZGg\/VRMgOP19omI\/AAAAAAABliU\/9PukdqnXT7U\/s600\/F_7.jpg\" alt=\"\" width=\"600\" height=\"338\" \/><p class=\"wp-caption-text\">07<\/p><\/div>\n<div style=\"width: 610px\" class=\"wp-caption aligncenter\"><img loading=\"lazy\" class=\"\" src=\"https:\/\/lh5.googleusercontent.com\/-Pz9dipoCKTM\/VRMgOhezH2I\/AAAAAAABlig\/wgHWEXwZgQ4\/s600\/F_8.jpg\" alt=\"\" width=\"600\" height=\"338\" \/><p class=\"wp-caption-text\">08<\/p><\/div>\n<p>O mais novo integrante da equipe da \u2018Not\u00edcias\u2019 \u00e9 o atacante Marconi, dedicado, iniciara inclusive, os registros estat\u00edsticos dos \u2018babas\u2019, atuando tamb\u00e9m na \u00e1rea de fotografia. As fotos desta rodada t\u00eam o seu cr\u00e9dito. <strong>\u00a0<\/strong><\/p>\n<p>Rec\u00e9m-diplomado pela Federa\u00e7\u00e3o Baiana de Futebol, o \u00e1rbitro <strong><em>Ant\u00f4nio Cerqueira Junior<\/em><\/strong> praticando, atuou j\u00e1 como integrante da Liga Ilheense, ao lado de Wilson Salviano no Campo 1. Os coment\u00e1rios em geral sobre sua atua\u00e7\u00e3o foram positivos.<\/p>\n<p>Outros registros dos comentaristas<strong>:<\/strong><\/p>\n<p>Que o <em>atacante Renatinho<\/em> doravante mudar\u00e1 seu estilo de jogo: soltar\u00e1 mais a bola pros companheiros.<\/p>\n<p>Que o <em>dianteiro<\/em> <em>Luiz Humberto<\/em> voltou a atuar como \u2018capit\u00e3o\u2019; ganhou \u00a0e se portara em campo como requer um usu\u00e1rio da patente.<\/p>\n<p>Que o <em>beque de espera e capit\u00e3o Djalma Peludo<\/em> acumula a segunda derrota na temporada, e acham que come\u00e7ara mal.<\/p>\n<p>Que o <em>meia de conten\u00e7\u00e3o<\/em> <em>Rog\u00e9rio (Boca Preta) Midlej<\/em> t\u00e1 que t\u00e1 correndo como um menino.<\/p>\n<p>Que o <em>beque de espera Paulo Gois<\/em> jogara antes na AVO(Associa\u00e7\u00e3o dos Veteranos do Outeiro) e por isso, cansado, contribuiu para goleada que seu time levou.<\/p>\n<p>Que o <em>meia de<\/em> <em>contens\u00e3o Vado<\/em> por gostar do esporte jogou no sacrif\u00edcio, pois estava com o v\u00edrus da chikungunya<\/p>\n<p>Que o <em>goleiro Rosivaldo<\/em>, vindo mal em reiterada partidas, nesta rodada jogou bem, fazendo importantes defesas.<\/p>\n","protected":false},"excerpt":{"rendered":"<p>CAPIT\u00c3ES LUIZ HUMBERTO E RENATINHO VENCEM NA 2\u00aa RODADA \u201cGANHAR \u00c9 BOM PRA PORRAAAAAA!!!\u201d N\u00e3o poder\u00edamos iniciar esta Not\u00edcias sem o grito de guerra acima em homenagem ao Colo Colo pelo hist\u00f3rico 2 a 0 em cima do Vit\u00f3ria. Grito, meio desabafo nascido nos momentos \u2018bebemorativos\u2019 da Avep, de Paulo Carvalho (o Paul\u00f4 da Bitway), [&hellip;]<\/p>\n","protected":false},"author":2,"featured_media":0,"comment_status":"open","ping_status":"open","sticky":false,"template":"","format":"standard","meta":{"_links_to":"","_links_to_target":""},"categories":[11],"tags":[],"_links":{"self":[{"href":"https:\/\/www.r2cpress.com.br\/v1\/wp-json\/wp\/v2\/posts\/92441"}],"collection":[{"href":"https:\/\/www.r2cpress.com.br\/v1\/wp-json\/wp\/v2\/posts"}],"about":[{"href":"https:\/\/www.r2cpress.com.br\/v1\/wp-json\/wp\/v2\/types\/post"}],"author":[{"embeddable":true,"href":"https:\/\/www.r2cpress.com.br\/v1\/wp-json\/wp\/v2\/users\/2"}],"replies":[{"embeddable":true,"href":"https:\/\/www.r2cpress.com.br\/v1\/wp-json\/wp\/v2\/comments?post=92441"}],"version-history":[{"count":4,"href":"https:\/\/www.r2cpress.com.br\/v1\/wp-json\/wp\/v2\/posts\/92441\/revisions"}],"predecessor-version":[{"id":92445,"href":"https:\/\/www.r2cpress.com.br\/v1\/wp-json\/wp\/v2\/posts\/92441\/revisions\/92445"}],"wp:attachment":[{"href":"https:\/\/www.r2cpress.com.br\/v1\/wp-json\/wp\/v2\/media?parent=92441"}],"wp:term":[{"taxonomy":"category","embeddable":true,"href":"https:\/\/www.r2cpress.com.br\/v1\/wp-json\/wp\/v2\/categories?post=92441"},{"taxonomy":"post_tag","embeddable":true,"href":"https:\/\/www.r2cpress.com.br\/v1\/wp-json\/wp\/v2\/tags?post=92441"}],"curies":[{"name":"wp","href":"https:\/\/api.w.org\/{rel}","templated":true}]}}