{"id":92452,"date":"2015-03-25T22:14:54","date_gmt":"2015-03-26T01:14:54","guid":{"rendered":"http:\/\/www.r2cpress.com.br\/v1\/?p=92452"},"modified":"2015-03-25T22:14:54","modified_gmt":"2015-03-26T01:14:54","slug":"governador-apresenta-a-presidente-dilma-acoes-prioritarias-para-bahia","status":"publish","type":"post","link":"https:\/\/www.r2cpress.com.br\/v1\/2015\/03\/25\/governador-apresenta-a-presidente-dilma-acoes-prioritarias-para-bahia\/","title":{"rendered":"Governador apresenta \u00e0 presidente Dilma a\u00e7\u00f5es priorit\u00e1rias para Bahia"},"content":{"rendered":"<p>Em meio ao cen\u00e1rio de conten\u00e7\u00e3o de gastos e de ajuste fiscal no pa\u00eds, a qualidade e a efic\u00e1cia nas a\u00e7\u00f5es da administra\u00e7\u00e3o p\u00fablica tornam-se imprescind\u00edveis. Esta avalia\u00e7\u00e3o foi feita pelo governador da Bahia, Rui Costa, ap\u00f3s participar de encontro conjunto dos governadores do Nordeste com a presidente Dilma Rousseff, nesta quarta-feira (25), no Pal\u00e1cio do Planalto, em Bras\u00edlia. Os gestores entregaram dois documentos com posi\u00e7\u00f5es e pedidos \u00e0 presidenta Dilma.<\/p>\n<div id=\"attachment_92453\" style=\"width: 560px\" class=\"wp-caption aligncenter\"><a href=\"http:\/\/www.r2cpress.com.br\/v1\/wp-content\/uploads\/2015\/03\/Rui-Costa_Brasilia.jpg\"><img aria-describedby=\"caption-attachment-92453\" loading=\"lazy\" class=\"size-full wp-image-92453\" src=\"http:\/\/www.r2cpress.com.br\/v1\/wp-content\/uploads\/2015\/03\/Rui-Costa_Brasilia.jpg\" alt=\"Rui Costa_Brasilia\" width=\"550\" height=\"310\" srcset=\"https:\/\/www.r2cpress.com.br\/v1\/wp-content\/uploads\/2015\/03\/Rui-Costa_Brasilia.jpg 550w, https:\/\/www.r2cpress.com.br\/v1\/wp-content\/uploads\/2015\/03\/Rui-Costa_Brasilia-300x169.jpg 300w\" sizes=\"(max-width: 550px) 100vw, 550px\" \/><\/a><p id=\"caption-attachment-92453\" class=\"wp-caption-text\">Rui Costa_Brasilia<\/p><\/div>\n<p>Manter as pol\u00edticas de desenvolvimento regional e de distribui\u00e7\u00e3o de renda, a manuten\u00e7\u00e3o dos investimentos em curso do PAC e abertura de limite de cr\u00e9dito para os estados s\u00e3o as principais pautas de interesse dos chefes do Executivo da regi\u00e3o. Eles querem tamb\u00e9m &#8220;alternativas de novas fontes para o financiamento na Sa\u00fade, com a taxa\u00e7\u00e3o de grandes fortunas para este fim&#8221;, como descrito em um dos documentos, al\u00e9m de apoio para a seguran\u00e7a p\u00fablica e para as a\u00e7\u00f5es de conviv\u00eancia com a seca.<\/p>\n<p>Na avalia\u00e7\u00e3o do governador Rui, este \u00e9 justamente o momento de apontar prioridades; diante do ajuste fiscal, &#8220;\u00e9 preciso afunilar e alinhar&#8221;. Na Bahia, obras de infraestrutura h\u00eddrica e de log\u00edstica, a exemplo de duplica\u00e7\u00e3o de rodovias e da implanta\u00e7\u00e3o da Ferrovia de Integra\u00e7\u00e3o Oeste-Leste s\u00e3o alguns dos empreendimentos do PAC imprescind\u00edveis, conforme pontuou o governador. &#8220;Essas obras s\u00e3o estruturantes, fazem parte da pol\u00edtica de desenvolvimento regional. A autoriza\u00e7\u00e3o de cr\u00e9dito pelo Minist\u00e9rio da Fazenda \u00e9 fundamental para que possamos manter o n\u00edvel de emprego e atividade&#8221;, assinalou Rui Costa.<\/p>\n<p>O grupo composto por governadores compilou um posicionamento pol\u00edtico num segundo documento divulgado tamb\u00e9m nesta quarta-feira. No texto, eles defendem valores democr\u00e1ticos. O governador Rui disse que &#8220;um dos pilares fundamentais de qualquer pa\u00eds democr\u00e1tico \u00e9 o respeito \u00e0s elei\u00e7\u00f5es diretas, em que o povo escolhe seus governantes e, portanto, a elei\u00e7\u00e3o \u00e9 um valor universal&#8221;, pontuou ao alertar que \u00e9 preciso a manuten\u00e7\u00e3o do Estado de Direito no pa\u00eds, sob pena de colocar em risco a Constitui\u00e7\u00e3o Brasileira.<\/p>\n<p><b>Mais agendas<\/b><\/p>\n<p>Os governadores v\u00e3o solicitar agenda no Supremo para pedir an\u00e1lise da A\u00e7\u00e3o Direta de Inconstitucionalidade (ADI) que trata da quest\u00e3o dos royalties do petr\u00f3leo &#8211; a ADI tramita h\u00e1 dois anos na Casa. Tamb\u00e9m est\u00e1 previsto um encontro entre eles e a bancada do Nordeste no Congresso. Esta agenda deve acontecer dia 15 de abril, na C\u00e2mara dos Deputados. O pr\u00f3ximo encontro geral do grupo est\u00e1 marcado para dia 8 de maio, desta vez, sediado no Rio Grande do Norte.<i><\/p>\n<p>&#8212;<br \/>\nFoto: Roberto Stuckert Filho\/PR<\/i><\/p>\n","protected":false},"excerpt":{"rendered":"<p>Em meio ao cen\u00e1rio de conten\u00e7\u00e3o de gastos e de ajuste fiscal no pa\u00eds, a qualidade e a efic\u00e1cia nas a\u00e7\u00f5es da administra\u00e7\u00e3o p\u00fablica tornam-se imprescind\u00edveis. Esta avalia\u00e7\u00e3o foi feita pelo governador da Bahia, Rui Costa, ap\u00f3s participar de encontro conjunto dos governadores do Nordeste com a presidente Dilma Rousseff, nesta quarta-feira (25), no Pal\u00e1cio [&hellip;]<\/p>\n","protected":false},"author":2,"featured_media":0,"comment_status":"open","ping_status":"open","sticky":false,"template":"","format":"standard","meta":{"_links_to":"","_links_to_target":""},"categories":[29],"tags":[],"_links":{"self":[{"href":"https:\/\/www.r2cpress.com.br\/v1\/wp-json\/wp\/v2\/posts\/92452"}],"collection":[{"href":"https:\/\/www.r2cpress.com.br\/v1\/wp-json\/wp\/v2\/posts"}],"about":[{"href":"https:\/\/www.r2cpress.com.br\/v1\/wp-json\/wp\/v2\/types\/post"}],"author":[{"embeddable":true,"href":"https:\/\/www.r2cpress.com.br\/v1\/wp-json\/wp\/v2\/users\/2"}],"replies":[{"embeddable":true,"href":"https:\/\/www.r2cpress.com.br\/v1\/wp-json\/wp\/v2\/comments?post=92452"}],"version-history":[{"count":1,"href":"https:\/\/www.r2cpress.com.br\/v1\/wp-json\/wp\/v2\/posts\/92452\/revisions"}],"predecessor-version":[{"id":92454,"href":"https:\/\/www.r2cpress.com.br\/v1\/wp-json\/wp\/v2\/posts\/92452\/revisions\/92454"}],"wp:attachment":[{"href":"https:\/\/www.r2cpress.com.br\/v1\/wp-json\/wp\/v2\/media?parent=92452"}],"wp:term":[{"taxonomy":"category","embeddable":true,"href":"https:\/\/www.r2cpress.com.br\/v1\/wp-json\/wp\/v2\/categories?post=92452"},{"taxonomy":"post_tag","embeddable":true,"href":"https:\/\/www.r2cpress.com.br\/v1\/wp-json\/wp\/v2\/tags?post=92452"}],"curies":[{"name":"wp","href":"https:\/\/api.w.org\/{rel}","templated":true}]}}