{"id":92458,"date":"2015-03-26T12:57:15","date_gmt":"2015-03-26T15:57:15","guid":{"rendered":"http:\/\/www.r2cpress.com.br\/v1\/?p=92458"},"modified":"2015-03-26T12:57:15","modified_gmt":"2015-03-26T15:57:15","slug":"parceria-entre-forum-das-aguas-e-lbv-fortalece-projeto-de-revitalizacao-do-ribeirao-agua-branca-em-itabuna","status":"publish","type":"post","link":"https:\/\/www.r2cpress.com.br\/v1\/2015\/03\/26\/parceria-entre-forum-das-aguas-e-lbv-fortalece-projeto-de-revitalizacao-do-ribeirao-agua-branca-em-itabuna\/","title":{"rendered":"Parceria entre F\u00f3rum das \u00c1guas e LBV fortalece projeto de revitaliza\u00e7\u00e3o do Ribeir\u00e3o \u00c1gua Branca em Itabuna"},"content":{"rendered":"<p>\u201cSalve o Planeta, voc\u00ea que tem poder, salvemos a M\u00e3e Terra, n\u00e3o h\u00e1 tempo a perder\u201d. Esse foi o recado transmitido pelos alunos e gestores do Centro Comunit\u00e1rio de Assist\u00eancia Social da LBV de Itabuna durante a\u00e7\u00e3o de cidadania realizada \u00e0s margens do Ribeir\u00e3o \u00c1gua Branca, na quarta-feira (25), em parceria com o F\u00f3rum Permanente das \u00c1guas. A atividade marcou o in\u00edcio do projeto de revitaliza\u00e7\u00e3o desse precioso afluente do rio Cachoeira, que ser\u00e1 elaborado pelo Centro das \u00c1guas-Espa\u00e7o Cidad\u00e3o, com respaldo t\u00e9cnico da Universidade Federal do Sul da Bahia (UFSB), e assinalou as da Semana da \u00c1gua na cidade.<\/p>\n<div id=\"attachment_92459\" style=\"width: 560px\" class=\"wp-caption aligncenter\"><a href=\"http:\/\/www.r2cpress.com.br\/v1\/wp-content\/uploads\/2015\/03\/A\u00e7\u00e3o-de-cidadania-LBV-e-F\u00f3rum-Permanente-das-\u00c1guas-3.jpg\"><img aria-describedby=\"caption-attachment-92459\" loading=\"lazy\" class=\"size-full wp-image-92459\" src=\"http:\/\/www.r2cpress.com.br\/v1\/wp-content\/uploads\/2015\/03\/A\u00e7\u00e3o-de-cidadania-LBV-e-F\u00f3rum-Permanente-das-\u00c1guas-3.jpg\" alt=\"A\u00e7\u00e3o de cidadania LBV e F\u00f3rum Permanente das \u00c1guas.\" width=\"550\" height=\"331\" srcset=\"https:\/\/www.r2cpress.com.br\/v1\/wp-content\/uploads\/2015\/03\/A\u00e7\u00e3o-de-cidadania-LBV-e-F\u00f3rum-Permanente-das-\u00c1guas-3.jpg 550w, https:\/\/www.r2cpress.com.br\/v1\/wp-content\/uploads\/2015\/03\/A\u00e7\u00e3o-de-cidadania-LBV-e-F\u00f3rum-Permanente-das-\u00c1guas-3-300x180.jpg 300w\" sizes=\"(max-width: 550px) 100vw, 550px\" \/><\/a><p id=\"caption-attachment-92459\" class=\"wp-caption-text\">A\u00e7\u00e3o de cidadania LBV e F\u00f3rum Permanente das \u00c1guas.<\/p><\/div>\n<p>O governador distrital do Rotary Club na Bahia, Danilo Sousa Santos, prestigiou a iniciativa, que contou com dirigentes e alunos da Escola Municipal Bras\u00edlia Bara\u00fana e representantes das entidades que comp\u00f5em o F\u00f3rum Permanente das \u00c1guas \u2013 Adriano Martins (TV Santa Cruz), Andirlei Nascimento (OAB-Subse\u00e7\u00e3o Itabuna), Eduardo Carqueja (Sindicato do Com\u00e9rcio), Elias Veloso (Rotary Club Itabuna), Juarez Ribeiro (Rotary Club Itabuna Sul), Daniel Piotto (UFSB). Participaram do evento tamb\u00e9m as funcion\u00e1rias da Construtora Vit\u00f3ria, Marcela Reis e J\u00f4 Queiroz, diretora da Escola Bras\u00edlia Bara\u00fana, Kati\u00fascia Anjos e professora Jacqueline Brito Vieira.<\/p>\n<p>Para a coordenadora do Centro das \u00c1guas \u2013 Espa\u00e7o Cidad\u00e3o, Maria Luzia de Mello, articuladora do projeto de revitaliza\u00e7\u00e3o do \u00c1gua Branca, que corta os bairros Antique, S\u00e3o Roque e F\u00e1tima, a atua\u00e7\u00e3o da LBV e das escolas que funcionam no entorno do ribeir\u00e3o \u00e9 fundamental para o processo de conscientiza\u00e7\u00e3o dos moradores daqueles bairros sobre sua import\u00e2ncia para o rio Cachoeira e a qualidade de vida das atuais e futuras gera\u00e7\u00f5es. Por isso, destaca e parabeniza a iniciativa da LBV de Itabuna, representada no evento pela gestora, Viviane Oliveira; assistente social, Marta Tagliacolli; educadora social, Sonia Maria Lima; volunt\u00e1ria, Nilma Lucas e m\u00e3e de aluno, Nailma Santos.<\/p>\n","protected":false},"excerpt":{"rendered":"<p>\u201cSalve o Planeta, voc\u00ea que tem poder, salvemos a M\u00e3e Terra, n\u00e3o h\u00e1 tempo a perder\u201d. Esse foi o recado transmitido pelos alunos e gestores do Centro Comunit\u00e1rio de Assist\u00eancia Social da LBV de Itabuna durante a\u00e7\u00e3o de cidadania realizada \u00e0s margens do Ribeir\u00e3o \u00c1gua Branca, na quarta-feira (25), em parceria com o F\u00f3rum Permanente [&hellip;]<\/p>\n","protected":false},"author":2,"featured_media":0,"comment_status":"open","ping_status":"open","sticky":false,"template":"","format":"standard","meta":{"_links_to":"","_links_to_target":""},"categories":[15],"tags":[],"_links":{"self":[{"href":"https:\/\/www.r2cpress.com.br\/v1\/wp-json\/wp\/v2\/posts\/92458"}],"collection":[{"href":"https:\/\/www.r2cpress.com.br\/v1\/wp-json\/wp\/v2\/posts"}],"about":[{"href":"https:\/\/www.r2cpress.com.br\/v1\/wp-json\/wp\/v2\/types\/post"}],"author":[{"embeddable":true,"href":"https:\/\/www.r2cpress.com.br\/v1\/wp-json\/wp\/v2\/users\/2"}],"replies":[{"embeddable":true,"href":"https:\/\/www.r2cpress.com.br\/v1\/wp-json\/wp\/v2\/comments?post=92458"}],"version-history":[{"count":1,"href":"https:\/\/www.r2cpress.com.br\/v1\/wp-json\/wp\/v2\/posts\/92458\/revisions"}],"predecessor-version":[{"id":92460,"href":"https:\/\/www.r2cpress.com.br\/v1\/wp-json\/wp\/v2\/posts\/92458\/revisions\/92460"}],"wp:attachment":[{"href":"https:\/\/www.r2cpress.com.br\/v1\/wp-json\/wp\/v2\/media?parent=92458"}],"wp:term":[{"taxonomy":"category","embeddable":true,"href":"https:\/\/www.r2cpress.com.br\/v1\/wp-json\/wp\/v2\/categories?post=92458"},{"taxonomy":"post_tag","embeddable":true,"href":"https:\/\/www.r2cpress.com.br\/v1\/wp-json\/wp\/v2\/tags?post=92458"}],"curies":[{"name":"wp","href":"https:\/\/api.w.org\/{rel}","templated":true}]}}