{"id":92512,"date":"2015-03-27T18:06:53","date_gmt":"2015-03-27T21:06:53","guid":{"rendered":"http:\/\/www.r2cpress.com.br\/v1\/?p=92512"},"modified":"2015-03-27T18:07:12","modified_gmt":"2015-03-27T21:07:12","slug":"secretario-discute-intercambio-entre-bahia-e-portugal","status":"publish","type":"post","link":"https:\/\/www.r2cpress.com.br\/v1\/2015\/03\/27\/secretario-discute-intercambio-entre-bahia-e-portugal\/","title":{"rendered":"Secret\u00e1rio discute interc\u00e2mbio entre Bahia e Portugal"},"content":{"rendered":"<div style=\"text-align: justify;\" align=\"center\">Maior produtor nacional de caprinos e ovinos, a Bahia poder\u00e1 produzir queijos finos elaborados com leite de cabra e ovelhas. Esse foi um dos assuntos discutidos na manh\u00e3 desta sexta-feira, (27), pelo secret\u00e1rio estadual da Agricultura, Paulo C\u00e2mera, com os portugueses Ricardo Brito Paes, Jo\u00e3o Mira, e Rui Almeida, dirigentes da Associa\u00e7\u00e3o dos Jovens Agricultores de Portugal (AJAP).<\/div>\n<div>\n<div id=\"attachment_92513\" style=\"width: 560px\" class=\"wp-caption aligncenter\"><a href=\"http:\/\/www.r2cpress.com.br\/v1\/wp-content\/uploads\/2015\/03\/REUNIAO-COM-PORTUGUESES.jpg\"><img aria-describedby=\"caption-attachment-92513\" loading=\"lazy\" class=\"size-full wp-image-92513\" src=\"http:\/\/www.r2cpress.com.br\/v1\/wp-content\/uploads\/2015\/03\/REUNIAO-COM-PORTUGUESES.jpg\" alt=\"REUNIAO COM PORTUGUESES\" width=\"550\" height=\"268\" srcset=\"https:\/\/www.r2cpress.com.br\/v1\/wp-content\/uploads\/2015\/03\/REUNIAO-COM-PORTUGUESES.jpg 550w, https:\/\/www.r2cpress.com.br\/v1\/wp-content\/uploads\/2015\/03\/REUNIAO-COM-PORTUGUESES-300x146.jpg 300w\" sizes=\"(max-width: 550px) 100vw, 550px\" \/><\/a><p id=\"caption-attachment-92513\" class=\"wp-caption-text\">REUNI\u00c3O COM PORTUGUESES<\/p><\/div>\n<p>Esse interc\u00e2mbio visa trocar experi\u00eancias, transferindo para a Bahia tecnologia na produ\u00e7\u00e3o de queijos finos. Em contrapartida, os portugueses solicitaram apoio \u00e1 secretaria, no sentido de levar para Portugal a experi\u00eancia dos baianos na produ\u00e7\u00e3o de palma forrageira, visando \u00e0 implanta\u00e7\u00e3o de campos experimentais em Portugal.<\/p>\n<\/div>\n<div><\/div>\n<div>\u201cUma das metas do governo \u00e9 a implanta\u00e7\u00e3o de agroind\u00fastrias na Bahia, e a ovinocaprinocultura \u00e9 uma das cadeias produtivas mais importantes pelo seu alcance social, congregando milhares de pequenos e m\u00e9dios criadores na regi\u00e3o do semi\u00e1rido\u201d disse o secret\u00e1rio.<\/div>\n<div><\/div>\n<div><\/div>\n<div>&#8212;<\/div>\n<div><strong>Ascom Seagri \u2013 27 de mar\u00e7o de 2015<\/strong><\/div>\n","protected":false},"excerpt":{"rendered":"<p>Maior produtor nacional de caprinos e ovinos, a Bahia poder\u00e1 produzir queijos finos elaborados com leite de cabra e ovelhas. Esse foi um dos assuntos discutidos na manh\u00e3 desta sexta-feira, (27), pelo secret\u00e1rio estadual da Agricultura, Paulo C\u00e2mera, com os portugueses Ricardo Brito Paes, Jo\u00e3o Mira, e Rui Almeida, dirigentes da Associa\u00e7\u00e3o dos Jovens Agricultores [&hellip;]<\/p>\n","protected":false},"author":2,"featured_media":0,"comment_status":"open","ping_status":"open","sticky":false,"template":"","format":"standard","meta":{"_links_to":"","_links_to_target":""},"categories":[29],"tags":[],"_links":{"self":[{"href":"https:\/\/www.r2cpress.com.br\/v1\/wp-json\/wp\/v2\/posts\/92512"}],"collection":[{"href":"https:\/\/www.r2cpress.com.br\/v1\/wp-json\/wp\/v2\/posts"}],"about":[{"href":"https:\/\/www.r2cpress.com.br\/v1\/wp-json\/wp\/v2\/types\/post"}],"author":[{"embeddable":true,"href":"https:\/\/www.r2cpress.com.br\/v1\/wp-json\/wp\/v2\/users\/2"}],"replies":[{"embeddable":true,"href":"https:\/\/www.r2cpress.com.br\/v1\/wp-json\/wp\/v2\/comments?post=92512"}],"version-history":[{"count":3,"href":"https:\/\/www.r2cpress.com.br\/v1\/wp-json\/wp\/v2\/posts\/92512\/revisions"}],"predecessor-version":[{"id":92516,"href":"https:\/\/www.r2cpress.com.br\/v1\/wp-json\/wp\/v2\/posts\/92512\/revisions\/92516"}],"wp:attachment":[{"href":"https:\/\/www.r2cpress.com.br\/v1\/wp-json\/wp\/v2\/media?parent=92512"}],"wp:term":[{"taxonomy":"category","embeddable":true,"href":"https:\/\/www.r2cpress.com.br\/v1\/wp-json\/wp\/v2\/categories?post=92512"},{"taxonomy":"post_tag","embeddable":true,"href":"https:\/\/www.r2cpress.com.br\/v1\/wp-json\/wp\/v2\/tags?post=92512"}],"curies":[{"name":"wp","href":"https:\/\/api.w.org\/{rel}","templated":true}]}}