{"id":92546,"date":"2015-03-29T07:13:41","date_gmt":"2015-03-29T10:13:41","guid":{"rendered":"http:\/\/www.r2cpress.com.br\/v1\/?p=92546"},"modified":"2015-03-29T07:13:41","modified_gmt":"2015-03-29T10:13:41","slug":"no-gotas-de-paz-316","status":"publish","type":"post","link":"https:\/\/www.r2cpress.com.br\/v1\/2015\/03\/29\/no-gotas-de-paz-316\/","title":{"rendered":"No GOTAS DE PAZ"},"content":{"rendered":"<h1 class=\"entry-title post-title\" style=\"text-align: left;\"><span style=\"color: #000080;\"><strong>A caridade<\/strong><\/span><\/h1>\n<p>A caridade come\u00e7a por voc\u00ea mesmo, porque voc\u00ea n\u00e3o pode dar o que n\u00e3o tem.<br \/>\nOs sentimentos e as energias s\u00e3o como os bens materiais,<br \/>\nse voc\u00ea n\u00e3o os tiver para si, n\u00e3o pode d\u00e1-los aos outros.<br \/>\nSe voc\u00ea tem somente um saco de p\u00e3o e algu\u00e9m lhe pede uma laranja,<br \/>\nvoc\u00ea n\u00e3o pode dar, pois n\u00e3o a tem.<br \/>\nSe voc\u00ea n\u00e3o tiver amor e paz dentro de voc\u00ea, n\u00e3o poder\u00e1 dar,<br \/>\npois, primeiramente, \u00e9 preciso ter para si, para depois poder dar para os outros.<br \/>\nCada pessoa deve ser \u201capaixonada\u201d por si mesma,<br \/>\ndeve gostar de sua vida e estar satisfeita com o que \u00e9, mas sem ser ego\u00edsta.<br \/>\nSe voc\u00ea n\u00e3o est\u00e1 satisfeito com o que \u00e9,<br \/>\nimagine o que gostaria de ser e trabalhe para atingir seu ideal,<br \/>\nporque quando voc\u00ea pensa o bem, todas as for\u00e7as do Universo conspiram a seu favor.<br \/>\nAprenda a amar-se a si mesmo para poder saber amar aos outros.<br \/>\nLembre-se, voc\u00ea n\u00e3o pode dar o que n\u00e3o tem, por isso,<br \/>\nse n\u00e3o tiver amor em seu cora\u00e7\u00e3o, n\u00e3o pode dar.<br \/>\nSe n\u00e3o tiver paz na sua consci\u00eancia, n\u00e3o pode dar.<br \/>\nSe n\u00e3o tiver alegria, n\u00e3o pode dar, e assim por diante.<br \/>\nEsse o porqu\u00ea de a caridade come\u00e7ar por voc\u00ea, depois para com os mais pr\u00f3ximos<br \/>\n(logicamente os que merecem e querem ajuda), e,<br \/>\nposteriormente, para com os desconhecidos.<br \/>\nMuitos encarnados, trabalhadores abnegados do bem,<br \/>\nlutam incessantemente contra as for\u00e7as do mal em nome de Deus;<br \/>\nmas devem tomar cuidado para n\u00e3o usarem a caridade,<br \/>\ncomo fuga de seus problemas, pois se voc\u00ea, est\u00e1 vivendo na mat\u00e9ria, viva a mat\u00e9ria.<br \/>\nN\u00e3o adianta trabalhar na caridade e n\u00e3o ter caridade consigo,<br \/>\nn\u00e3o adianta conquistar o mundo, se n\u00e3o dominar a si mesmo.<br \/>\nN\u00e3o existe f\u00e9 sem obras, pois a religi\u00e3o sem caridade \u00e9 um saco vazio.<br \/>\nA caridade \u00e9 o exerc\u00edcio da f\u00e9; ningu\u00e9m \u00e9 t\u00e3o pobre que n\u00e3o possa dar um sorriso.<br \/>\nA caridade deve ser praticada diariamente com compromisso e disciplina,<br \/>\nporque sem isto n\u00e3o h\u00e1 trabalho, h\u00e1 desordem.<br \/>\nDeve ser feita principalmente com doa\u00e7\u00e3o,<br \/>\nsem esperar alguma coisa em troca, pois, se assim fizer, estar\u00e1 trocando e n\u00e3o doando.<br \/>\nTenha consci\u00eancia de que voc\u00ea est\u00e1 trabalhando n\u00e3o pela sua gl\u00f3ria,<br \/>\nmas sim pela gl\u00f3ria de Deus.<\/p>\n<p><span style=\"color: #000080;\"><strong>GOTAS DE PAZ:<\/strong><\/span><\/p>\n<p>http:\/\/www.gotasdepaz.com.br\/a-caridade-3\/?utm_source=Mensagem+29%2F03%2F2015&#038;utm_medium=email&#038;utm_campaign=Mensagem+29%2F03%2F2015<\/p>\n","protected":false},"excerpt":{"rendered":"<p>A caridade A caridade come\u00e7a por voc\u00ea mesmo, porque voc\u00ea n\u00e3o pode dar o que n\u00e3o tem. Os sentimentos e as energias s\u00e3o como os bens materiais, se voc\u00ea n\u00e3o os tiver para si, n\u00e3o pode d\u00e1-los aos outros. Se voc\u00ea tem somente um saco de p\u00e3o e algu\u00e9m lhe pede uma laranja, voc\u00ea n\u00e3o [&hellip;]<\/p>\n","protected":false},"author":2,"featured_media":0,"comment_status":"open","ping_status":"open","sticky":false,"template":"","format":"standard","meta":{"_links_to":"","_links_to_target":""},"categories":[17],"tags":[],"_links":{"self":[{"href":"https:\/\/www.r2cpress.com.br\/v1\/wp-json\/wp\/v2\/posts\/92546"}],"collection":[{"href":"https:\/\/www.r2cpress.com.br\/v1\/wp-json\/wp\/v2\/posts"}],"about":[{"href":"https:\/\/www.r2cpress.com.br\/v1\/wp-json\/wp\/v2\/types\/post"}],"author":[{"embeddable":true,"href":"https:\/\/www.r2cpress.com.br\/v1\/wp-json\/wp\/v2\/users\/2"}],"replies":[{"embeddable":true,"href":"https:\/\/www.r2cpress.com.br\/v1\/wp-json\/wp\/v2\/comments?post=92546"}],"version-history":[{"count":2,"href":"https:\/\/www.r2cpress.com.br\/v1\/wp-json\/wp\/v2\/posts\/92546\/revisions"}],"predecessor-version":[{"id":92548,"href":"https:\/\/www.r2cpress.com.br\/v1\/wp-json\/wp\/v2\/posts\/92546\/revisions\/92548"}],"wp:attachment":[{"href":"https:\/\/www.r2cpress.com.br\/v1\/wp-json\/wp\/v2\/media?parent=92546"}],"wp:term":[{"taxonomy":"category","embeddable":true,"href":"https:\/\/www.r2cpress.com.br\/v1\/wp-json\/wp\/v2\/categories?post=92546"},{"taxonomy":"post_tag","embeddable":true,"href":"https:\/\/www.r2cpress.com.br\/v1\/wp-json\/wp\/v2\/tags?post=92546"}],"curies":[{"name":"wp","href":"https:\/\/api.w.org\/{rel}","templated":true}]}}