{"id":93300,"date":"2015-05-03T10:17:31","date_gmt":"2015-05-03T13:17:31","guid":{"rendered":"http:\/\/www.r2cpress.com.br\/v1\/?p=93300"},"modified":"2015-05-03T10:17:31","modified_gmt":"2015-05-03T13:17:31","slug":"governador-prestigia-mae-stella-de-oxossi-nos-seus-90-anos","status":"publish","type":"post","link":"https:\/\/www.r2cpress.com.br\/v1\/2015\/05\/03\/governador-prestigia-mae-stella-de-oxossi-nos-seus-90-anos\/","title":{"rendered":"Governador prestigia M\u00e3e Stella de Ox\u00f3ssi nos seus 90 anos"},"content":{"rendered":"<p>O governador Rui Costa participou das comemora\u00e7\u00f5es dos 90 anos da ialorix\u00e1 M\u00e3e Stella de Ox\u00f3ssi na noite deste s\u00e1bado (2), noTerreiro Il\u00ea Ax\u00e9 Op\u00f4 Afonj\u00e1, no bairro de S\u00e3o Gon\u00e7alo do Retiro, em Salvador. O povo de santo, pol\u00edticos, secret\u00e1rios de Estado e outros convidados prestigiaram a festa, animada tamb\u00e9m pela cantora Margareth Menezes e pelo grupo Olodum. <div id=\"attachment_93301\" style=\"width: 560px\" class=\"wp-caption aligncenter\"><a href=\"http:\/\/www.r2cpress.com.br\/v1\/wp-content\/uploads\/2015\/05\/By-Manu-Dias_GOVBA.jpg\"><img aria-describedby=\"caption-attachment-93301\" loading=\"lazy\" src=\"http:\/\/www.r2cpress.com.br\/v1\/wp-content\/uploads\/2015\/05\/By-Manu-Dias_GOVBA.jpg\" alt=\"By Manu Dias_GOVBA\" width=\"550\" height=\"367\" class=\"size-full wp-image-93301\" srcset=\"https:\/\/www.r2cpress.com.br\/v1\/wp-content\/uploads\/2015\/05\/By-Manu-Dias_GOVBA.jpg 550w, https:\/\/www.r2cpress.com.br\/v1\/wp-content\/uploads\/2015\/05\/By-Manu-Dias_GOVBA-300x200.jpg 300w\" sizes=\"(max-width: 550px) 100vw, 550px\" \/><\/a><p id=\"caption-attachment-93301\" class=\"wp-caption-text\">By Manu Dias_GOVBA<\/p><\/div> Desde 2009, M\u00e3e Stella \u00e9 a primeira mulher negra a conquistar uma vaga entre os 40 membros da Academia de Letras da Bahia. Autora de livros como \u2018Meu tempo \u00e9 agora\u2019, \u2018\u00d2s\u00f3si &#8211; O Ca\u00e7ador de Alegrias\u2019 e \u2018Ep\u00e9 Laiy\u00e9 &#8211; terra viva\u2019, ela recebeu o t\u00edtulo de Doutora Honoris Causa pela Universidade do Estado da Bahia (Uneb), em 2009, e pela Universidade Federal da Bahia (Ufba), em 2005.<\/p>\n","protected":false},"excerpt":{"rendered":"<p>O governador Rui Costa participou das comemora\u00e7\u00f5es dos 90 anos da ialorix\u00e1 M\u00e3e Stella de Ox\u00f3ssi na noite deste s\u00e1bado (2), noTerreiro Il\u00ea Ax\u00e9 Op\u00f4 Afonj\u00e1, no bairro de S\u00e3o Gon\u00e7alo do Retiro, em Salvador. O povo de santo, pol\u00edticos, secret\u00e1rios de Estado e outros convidados prestigiaram a festa, animada tamb\u00e9m pela cantora Margareth Menezes [&hellip;]<\/p>\n","protected":false},"author":2,"featured_media":0,"comment_status":"open","ping_status":"open","sticky":false,"template":"","format":"standard","meta":{"_links_to":"","_links_to_target":""},"categories":[29],"tags":[],"_links":{"self":[{"href":"https:\/\/www.r2cpress.com.br\/v1\/wp-json\/wp\/v2\/posts\/93300"}],"collection":[{"href":"https:\/\/www.r2cpress.com.br\/v1\/wp-json\/wp\/v2\/posts"}],"about":[{"href":"https:\/\/www.r2cpress.com.br\/v1\/wp-json\/wp\/v2\/types\/post"}],"author":[{"embeddable":true,"href":"https:\/\/www.r2cpress.com.br\/v1\/wp-json\/wp\/v2\/users\/2"}],"replies":[{"embeddable":true,"href":"https:\/\/www.r2cpress.com.br\/v1\/wp-json\/wp\/v2\/comments?post=93300"}],"version-history":[{"count":2,"href":"https:\/\/www.r2cpress.com.br\/v1\/wp-json\/wp\/v2\/posts\/93300\/revisions"}],"predecessor-version":[{"id":93303,"href":"https:\/\/www.r2cpress.com.br\/v1\/wp-json\/wp\/v2\/posts\/93300\/revisions\/93303"}],"wp:attachment":[{"href":"https:\/\/www.r2cpress.com.br\/v1\/wp-json\/wp\/v2\/media?parent=93300"}],"wp:term":[{"taxonomy":"category","embeddable":true,"href":"https:\/\/www.r2cpress.com.br\/v1\/wp-json\/wp\/v2\/categories?post=93300"},{"taxonomy":"post_tag","embeddable":true,"href":"https:\/\/www.r2cpress.com.br\/v1\/wp-json\/wp\/v2\/tags?post=93300"}],"curies":[{"name":"wp","href":"https:\/\/api.w.org\/{rel}","templated":true}]}}