{"id":93327,"date":"2015-05-04T09:18:16","date_gmt":"2015-05-04T12:18:16","guid":{"rendered":"http:\/\/www.r2cpress.com.br\/v1\/?p=93327"},"modified":"2015-05-04T09:18:16","modified_gmt":"2015-05-04T12:18:16","slug":"afinal-quem-projetou-a-cidade-de-brasilia","status":"publish","type":"post","link":"https:\/\/www.r2cpress.com.br\/v1\/2015\/05\/04\/afinal-quem-projetou-a-cidade-de-brasilia\/","title":{"rendered":"AFINAL, QUEM PROJETOU A CIDADE DE BRAS\u00cdLIA?"},"content":{"rendered":"<div id=\"attachment_93328\" style=\"width: 560px\" class=\"wp-caption aligncenter\"><a href=\"http:\/\/www.r2cpress.com.br\/v1\/wp-content\/uploads\/2015\/05\/Alan_Bras\u00edlia.jpg\"><img aria-describedby=\"caption-attachment-93328\" loading=\"lazy\" class=\"size-full wp-image-93328\" src=\"http:\/\/www.r2cpress.com.br\/v1\/wp-content\/uploads\/2015\/05\/Alan_Bras\u00edlia.jpg\" alt=\" Bras\u00edlia\" width=\"550\" height=\"479\" srcset=\"https:\/\/www.r2cpress.com.br\/v1\/wp-content\/uploads\/2015\/05\/Alan_Bras\u00edlia.jpg 550w, https:\/\/www.r2cpress.com.br\/v1\/wp-content\/uploads\/2015\/05\/Alan_Bras\u00edlia-300x261.jpg 300w\" sizes=\"(max-width: 550px) 100vw, 550px\" \/><\/a><p id=\"caption-attachment-93328\" class=\"wp-caption-text\">Bras\u00edlia<\/p><\/div>\n<div style=\"width: 310px\" class=\"wp-caption alignleft\"><img loading=\"lazy\" class=\"\" src=\"http:\/\/www.r2cpress.com.br\/v1\/wp-content\/uploads\/2015\/05\/Alan-Dick-Megi.jpg\" alt=\"\" width=\"300\" height=\"300\" \/><p class=\"wp-caption-text\">Alan Dick Megi<\/p><\/div>\n<p>Por ocasi\u00e3o das comemora\u00e7\u00f5es do anivers\u00e1rio da nossa capital federal, as festividades e elogios \u00e0 admir\u00e1vel obra executada em tempo recorde apresentam-nos afirma\u00e7\u00f5es que nem sempre correspondem \u00e0 verdade. Mas n\u00e3o desejo entrar no m\u00e9rito da qualidade do projeto urban\u00edstico da cidade nem dos projetos arquitet\u00f4nicos dos seus edif\u00edcios e monumentos, pois nessa discuss\u00e3o v\u00e1rios \u201clados\u201d ter\u00e3o raz\u00e3o, mas ningu\u00e9m poder\u00e1 negar a import\u00e2ncia dessa extraordin\u00e1ria experi\u00eancia urban\u00edstica e arquitet\u00f4nica, \u00fanica no planeta. Uma obra projetada e realizada entre 1956 e 1960, com os parcos recursos tecnol\u00f3gicos, log\u00edsticos e materiais daquela \u00e9poca, uma epopeia que n\u00e3o tem paralelos em tempos de paz. E se imaginarmos a sua realiza\u00e7\u00e3o nos dias de hoje, esse prazo de menos de 4 anos n\u00e3o seria suficiente nem mesmo para conseguir a licen\u00e7a ambiental. E se descermos um pouco mais e compararmos \u00e0 obra da nova ponte Ilh\u00e9us-Pontal, ent\u00e3o, ter\u00edamos que rir, ou melhor, ter\u00edamos que chorar sentindo-nos incompetentes e rid\u00edculos.<\/p>\n<p>Mas o motivo deste escrito n\u00e3o \u00e9 o de comparar a compet\u00eancia dos governos do passado e do presente, pois todas as vari\u00e1veis e perspectivas s\u00e3o t\u00e3o diferentes que impossibilitariam tal compara\u00e7\u00e3o de forma simpl\u00f3ria e resumida. O que eu busco clarear \u00e9 a d\u00favida quanto \u00e0 autoria do projeto urban\u00edstico da capital, o seu Plano Piloto, que estruturou a cidade em dois eixos que se cruzam, e que em fun\u00e7\u00e3o da topografia teve que ter um dos eixos curvados, resultando em uma forma que lembra um avi\u00e3o. O eixo rodovi\u00e1rio com suas asas norte e sul, cruzadas com o eixo monumental, o grande eixo onde se localiza a maioria dos edif\u00edcios p\u00fablicos e que tem o Congresso Nacional como ponto de refer\u00eancia principal.<\/p>\n<p>\u00c0 pergunta de quem foi a autoria do projeto, a maioria responde sem pestanejar que foi do arquiteto Oscar Niemeyer.<\/p>\n<p>Certo ou errado?<\/p>\n<p>Errado!<\/p>\n<p>Quem elaborou o projeto da cidade, a sua forma, a localiza\u00e7\u00e3o das vias, seus cruzamentos em n\u00edveis distintos, as superquadras e o uso e ocupa\u00e7\u00e3o do solo foi outro conceituado arquiteto: L\u00facio Costa, vencedor do concurso p\u00fablico realizado em 1957. O arquiteto Oscar Niemeyer foi o respons\u00e1vel pela coordena\u00e7\u00e3o e execu\u00e7\u00e3o dos projetos arquitet\u00f4nicos dos edif\u00edcios p\u00fablicos, dos pal\u00e1cios, dos monumentos, com todas aquelas exuberantes formas que impressionaram tanto.<\/p>\n<p>Portanto, ao falarmos sobre o projeto de Bras\u00edlia precisamos saber de qual projeto estamos falando. Do projeto da cidade propriamente dita ou dos projetos de seus edif\u00edcios.<\/p>\n<p>\u00c9 importante saber tamb\u00e9m que a inten\u00e7\u00e3o de L\u00facio Costa nunca foi dar \u00e0 cidade uma forma de avi\u00e3o, pois isso foi resultado do posicionamento dos eixos principais e da topografia. A forma original de seu projeto era a de uma cruz.<\/p>\n<p>Alan Dick Megi \u00e9 Arquiteto e Urbanista, Conselheiro do CAU-BA.<\/p>\n<p>&nbsp;<\/p>\n","protected":false},"excerpt":{"rendered":"<p>Por ocasi\u00e3o das comemora\u00e7\u00f5es do anivers\u00e1rio da nossa capital federal, as festividades e elogios \u00e0 admir\u00e1vel obra executada em tempo recorde apresentam-nos afirma\u00e7\u00f5es que nem sempre correspondem \u00e0 verdade. Mas n\u00e3o desejo entrar no m\u00e9rito da qualidade do projeto urban\u00edstico da cidade nem dos projetos arquitet\u00f4nicos dos seus edif\u00edcios e monumentos, pois nessa discuss\u00e3o v\u00e1rios [&hellip;]<\/p>\n","protected":false},"author":2,"featured_media":0,"comment_status":"open","ping_status":"open","sticky":false,"template":"","format":"standard","meta":{"_links_to":"","_links_to_target":""},"categories":[10],"tags":[],"_links":{"self":[{"href":"https:\/\/www.r2cpress.com.br\/v1\/wp-json\/wp\/v2\/posts\/93327"}],"collection":[{"href":"https:\/\/www.r2cpress.com.br\/v1\/wp-json\/wp\/v2\/posts"}],"about":[{"href":"https:\/\/www.r2cpress.com.br\/v1\/wp-json\/wp\/v2\/types\/post"}],"author":[{"embeddable":true,"href":"https:\/\/www.r2cpress.com.br\/v1\/wp-json\/wp\/v2\/users\/2"}],"replies":[{"embeddable":true,"href":"https:\/\/www.r2cpress.com.br\/v1\/wp-json\/wp\/v2\/comments?post=93327"}],"version-history":[{"count":1,"href":"https:\/\/www.r2cpress.com.br\/v1\/wp-json\/wp\/v2\/posts\/93327\/revisions"}],"predecessor-version":[{"id":93329,"href":"https:\/\/www.r2cpress.com.br\/v1\/wp-json\/wp\/v2\/posts\/93327\/revisions\/93329"}],"wp:attachment":[{"href":"https:\/\/www.r2cpress.com.br\/v1\/wp-json\/wp\/v2\/media?parent=93327"}],"wp:term":[{"taxonomy":"category","embeddable":true,"href":"https:\/\/www.r2cpress.com.br\/v1\/wp-json\/wp\/v2\/categories?post=93327"},{"taxonomy":"post_tag","embeddable":true,"href":"https:\/\/www.r2cpress.com.br\/v1\/wp-json\/wp\/v2\/tags?post=93327"}],"curies":[{"name":"wp","href":"https:\/\/api.w.org\/{rel}","templated":true}]}}