{"id":93404,"date":"2015-05-06T11:55:03","date_gmt":"2015-05-06T14:55:03","guid":{"rendered":"http:\/\/www.r2cpress.com.br\/v1\/?p=93404"},"modified":"2015-05-06T11:55:03","modified_gmt":"2015-05-06T14:55:03","slug":"ilheus-loja-maconica-elias-ocke-84","status":"publish","type":"post","link":"https:\/\/www.r2cpress.com.br\/v1\/2015\/05\/06\/ilheus-loja-maconica-elias-ocke-84\/","title":{"rendered":"ILH\u00c9US \/ LOJA MA\u00c7\u00d4NICA ELIAS OCK\u00c9"},"content":{"rendered":"<p style=\"text-align: center;\"><strong>Nesta ter\u00e7a, (05052015), \u00a0em fun\u00e7\u00e3o do recesso, a comemora\u00e7\u00e3o foi do tipo &#8220;acumulativa&#8221;.\u00a0<\/strong><\/p>\n<p style=\"text-align: center;\"><strong>Logo ap\u00f3s a sess\u00e3o, no Sal\u00e3o Nobre Casal Gildo Mario Caldas e Miriam, a festan\u00e7a aconteceu com variedade de comida e bebida.<\/strong><\/p>\n<p style=\"text-align: center;\"><strong>Momento de grande descontra\u00e7\u00e3o e Uni\u00e3o entre Irm\u00e3os e Cunhadas.<\/strong><\/p>\n<p style=\"text-align: center;\"><strong>Como j\u00e1 \u00e9 praxe, nos eventos carimbados pela Loja, a ALEGRIA predominou.<\/strong><\/p>\n<div style=\"width: 610px\" class=\"wp-caption aligncenter\"><img loading=\"lazy\" class=\"\" src=\"https:\/\/lh3.googleusercontent.com\/-xFu-_BxhFK0\/VUolnVn_rWI\/AAAAAAABmak\/UdAtbCVWiUg\/s600\/RELA%25C3%2587%25C3%2583O%2520ANIVERSARIANTES%2520EM%2520DEGRAD%25C3%258A.jpg\" alt=\"\" width=\"600\" height=\"232\" \/><p class=\"wp-caption-text\"><strong>Rela\u00e7\u00e3o aniversariantes<\/strong><\/p><\/div>\n<div style=\"width: 522px\" class=\"wp-caption aligncenter\"><img loading=\"lazy\" class=\"\" src=\"https:\/\/lh3.googleusercontent.com\/-wMyZpbfi1VA\/VUolnv6yMJI\/AAAAAAABmao\/syjyLowhGm8\/s512\/CAPA.jpg\" alt=\"\" width=\"512\" height=\"512\" \/><p class=\"wp-caption-text\"><strong>Sal\u00e3o<\/strong><\/p><\/div>\n<p style=\"text-align: center;\"><strong>Veja fotos clicando <a href=\"https:\/\/picasaweb.google.com\/103663298022228975452\/BODASDEOURO_WALKIRIOEGILDA_IATEILHEUS_28092014#6145766006308614290\" target=\"_news\">AQUI<\/a> e depois na seta para avan\u00e7ar.<\/strong><\/p>\n<h2><span style=\"color: #ff0000;\">ATEN\u00c7\u00c3O!<\/span><br \/>\nCaso n\u00e3o abra numa montagem igual a de cima, des\u00e7a a p\u00e1gina, ache e siga clicando a partir dela.<\/h2>\n<p><span style=\"color: #008000;\"><strong>PARA CONTROLE DO SITE.<\/strong><\/span><br \/>\n<span style=\"color: #ff0000;\"><strong><span style=\"color: #008000;\"> As fotos dos aniversariantes est\u00e3o no \u00e1lbum<\/span>\u00a0<a class=\"gphoto-context-current\" href=\"https:\/\/picasaweb.google.com\/103663298022228975452\/BODASDEOURO_WALKIRIOEGILDA_IATEILHEUS_28092014#\">BODAS DE OURO_WALK\u00cdRIO E GILDA_IATE (ILH\u00c9US)_28 09 2014<\/a><\/strong><\/span><\/p>\n","protected":false},"excerpt":{"rendered":"<p>Nesta ter\u00e7a, (05052015), \u00a0em fun\u00e7\u00e3o do recesso, a comemora\u00e7\u00e3o foi do tipo &#8220;acumulativa&#8221;.\u00a0 Logo ap\u00f3s a sess\u00e3o, no Sal\u00e3o Nobre Casal Gildo Mario Caldas e Miriam, a festan\u00e7a aconteceu com variedade de comida e bebida. Momento de grande descontra\u00e7\u00e3o e Uni\u00e3o entre Irm\u00e3os e Cunhadas. Como j\u00e1 \u00e9 praxe, nos eventos carimbados pela Loja, a [&hellip;]<\/p>\n","protected":false},"author":2,"featured_media":0,"comment_status":"open","ping_status":"open","sticky":false,"template":"","format":"standard","meta":{"_links_to":"","_links_to_target":""},"categories":[34],"tags":[],"_links":{"self":[{"href":"https:\/\/www.r2cpress.com.br\/v1\/wp-json\/wp\/v2\/posts\/93404"}],"collection":[{"href":"https:\/\/www.r2cpress.com.br\/v1\/wp-json\/wp\/v2\/posts"}],"about":[{"href":"https:\/\/www.r2cpress.com.br\/v1\/wp-json\/wp\/v2\/types\/post"}],"author":[{"embeddable":true,"href":"https:\/\/www.r2cpress.com.br\/v1\/wp-json\/wp\/v2\/users\/2"}],"replies":[{"embeddable":true,"href":"https:\/\/www.r2cpress.com.br\/v1\/wp-json\/wp\/v2\/comments?post=93404"}],"version-history":[{"count":3,"href":"https:\/\/www.r2cpress.com.br\/v1\/wp-json\/wp\/v2\/posts\/93404\/revisions"}],"predecessor-version":[{"id":93407,"href":"https:\/\/www.r2cpress.com.br\/v1\/wp-json\/wp\/v2\/posts\/93404\/revisions\/93407"}],"wp:attachment":[{"href":"https:\/\/www.r2cpress.com.br\/v1\/wp-json\/wp\/v2\/media?parent=93404"}],"wp:term":[{"taxonomy":"category","embeddable":true,"href":"https:\/\/www.r2cpress.com.br\/v1\/wp-json\/wp\/v2\/categories?post=93404"},{"taxonomy":"post_tag","embeddable":true,"href":"https:\/\/www.r2cpress.com.br\/v1\/wp-json\/wp\/v2\/tags?post=93404"}],"curies":[{"name":"wp","href":"https:\/\/api.w.org\/{rel}","templated":true}]}}