{"id":93408,"date":"2015-05-06T12:02:13","date_gmt":"2015-05-06T15:02:13","guid":{"rendered":"http:\/\/www.r2cpress.com.br\/v1\/?p=93408"},"modified":"2015-05-06T12:02:13","modified_gmt":"2015-05-06T15:02:13","slug":"reforma-da-policlinica-halil-medauar-em-ilheus-deve-ser-concluida-ate-o-fim-deste-mes","status":"publish","type":"post","link":"https:\/\/www.r2cpress.com.br\/v1\/2015\/05\/06\/reforma-da-policlinica-halil-medauar-em-ilheus-deve-ser-concluida-ate-o-fim-deste-mes\/","title":{"rendered":"Reforma da Policl\u00ednica Halil Medauar, em Ilh\u00e9us, deve ser conclu\u00edda at\u00e9 o fim deste m\u00eas"},"content":{"rendered":"<p><em>A obra \u00e9 realizada com recursos municipais e visa adequar a unidade para receber aparelhos hospitalares mais modernos<\/em><\/p>\n<p>A reforma da Policl\u00ednica Halil Medauar, localizada \u00e0 Rua \u00c1gua Preta, na Conquista, dever\u00e1 ser conclu\u00edda no fim deste m\u00eas. De acordo com o secret\u00e1rio de Sa\u00fade (Sesau), Ant\u00f4nio Ock\u00e9, a obra visa melhorar e adequar a unidade para receber os novos aparelhos m\u00e9dicos que se encontram em fase de aquisi\u00e7\u00e3o. Os servi\u00e7os realizados s\u00e3o de pintura, troca de vidros, conserto de grades e recupera\u00e7\u00e3o do telhado, e integram a Opera\u00e7\u00e3o Ilh\u00e9us em A\u00e7\u00e3o.<\/p>\n<p>Atualmente, a cl\u00ednica oferece diversas especialidades, como dermatologia, angiologia, pneumologia, urologia, cardiologia, gastroenterologia, proctologia, otorrinolaringologia, oncologia, odontologia e cirurgia geral. \u201cNa Policl\u00ednica, realizamos consultas e procedimentos de m\u00e9dia complexidade, uma vez que os de alta complexidade necessitam de um aporte tecnol\u00f3gico maior, raz\u00e3o pela qual s\u00f3 podem ser realizados em hospitais\u201d, explica Fernanda Ludgero, diretora da Sesau.<\/p>\n<p>A Policl\u00ednica foi constru\u00edda em uma das gest\u00f5es do prefeito Jabes Ribeiro, e passa, agora, por sua primeira reforma estrutural. \u00c9 composta por cinco consult\u00f3rios m\u00e9dicos, dois consult\u00f3rios odontol\u00f3gicos, duas recep\u00e7\u00f5es, uma sala para o servidor de rede, uma sala para procedimentos, uma sala para pequenos procedimentos invasivos, um banheiro para os profissionais, tr\u00eas banheiros para o p\u00fablico, um audit\u00f3rio e uma sala administrativa.<\/p>\n<p><strong>Procedimentos<\/strong>\u00a0&#8211; De acordo com Fernanda Ludgero, em 2014, a Policl\u00ednica realizou 9.691 procedimentos. Entre eles, aplica\u00e7\u00e3o de fl\u00faor, biopsia de test\u00edculo e ultrassonografias de abd\u00f4men superior, abd\u00f4men total, aparelho urin\u00e1rio, bolsa escrotal, mam\u00e1ria bilateral, pr\u00f3stata (abdominal e transretal), p\u00e9lvica, obst\u00e9trica e transvaginal.<\/p>\n<p>&#8212;<\/p>\n<p><strong>Secretaria de Comunica\u00e7\u00e3o Social \u2013 Secom.<\/strong><\/p>\n","protected":false},"excerpt":{"rendered":"<p>A obra \u00e9 realizada com recursos municipais e visa adequar a unidade para receber aparelhos hospitalares mais modernos A reforma da Policl\u00ednica Halil Medauar, localizada \u00e0 Rua \u00c1gua Preta, na Conquista, dever\u00e1 ser conclu\u00edda no fim deste m\u00eas. De acordo com o secret\u00e1rio de Sa\u00fade (Sesau), Ant\u00f4nio Ock\u00e9, a obra visa melhorar e adequar a [&hellip;]<\/p>\n","protected":false},"author":2,"featured_media":0,"comment_status":"open","ping_status":"open","sticky":false,"template":"","format":"standard","meta":{"_links_to":"","_links_to_target":""},"categories":[23],"tags":[],"_links":{"self":[{"href":"https:\/\/www.r2cpress.com.br\/v1\/wp-json\/wp\/v2\/posts\/93408"}],"collection":[{"href":"https:\/\/www.r2cpress.com.br\/v1\/wp-json\/wp\/v2\/posts"}],"about":[{"href":"https:\/\/www.r2cpress.com.br\/v1\/wp-json\/wp\/v2\/types\/post"}],"author":[{"embeddable":true,"href":"https:\/\/www.r2cpress.com.br\/v1\/wp-json\/wp\/v2\/users\/2"}],"replies":[{"embeddable":true,"href":"https:\/\/www.r2cpress.com.br\/v1\/wp-json\/wp\/v2\/comments?post=93408"}],"version-history":[{"count":2,"href":"https:\/\/www.r2cpress.com.br\/v1\/wp-json\/wp\/v2\/posts\/93408\/revisions"}],"predecessor-version":[{"id":93410,"href":"https:\/\/www.r2cpress.com.br\/v1\/wp-json\/wp\/v2\/posts\/93408\/revisions\/93410"}],"wp:attachment":[{"href":"https:\/\/www.r2cpress.com.br\/v1\/wp-json\/wp\/v2\/media?parent=93408"}],"wp:term":[{"taxonomy":"category","embeddable":true,"href":"https:\/\/www.r2cpress.com.br\/v1\/wp-json\/wp\/v2\/categories?post=93408"},{"taxonomy":"post_tag","embeddable":true,"href":"https:\/\/www.r2cpress.com.br\/v1\/wp-json\/wp\/v2\/tags?post=93408"}],"curies":[{"name":"wp","href":"https:\/\/api.w.org\/{rel}","templated":true}]}}