{"id":93539,"date":"2015-05-11T10:59:02","date_gmt":"2015-05-11T13:59:02","guid":{"rendered":"http:\/\/www.r2cpress.com.br\/v1\/?p=93539"},"modified":"2015-05-11T10:59:02","modified_gmt":"2015-05-11T13:59:02","slug":"gandu-reinaugura-ginasio-poliesportivo-dia-23","status":"publish","type":"post","link":"https:\/\/www.r2cpress.com.br\/v1\/2015\/05\/11\/gandu-reinaugura-ginasio-poliesportivo-dia-23\/","title":{"rendered":"Gandu reinaugura gin\u00e1sio poliesportivo dia 23"},"content":{"rendered":"<p>A reforma recebeu um investimento da ordem R$ 300 mil, realizada com recursos da Sudesb e Governo da Bahia, em parceria com a Prefeitura Municipal de Gandu.<\/p>\n<p>Pr\u00f3ximo dia 23 de maio ser\u00e1 de festa para o desporto amador de Gandu. Acontece a reinaugura\u00e7\u00e3o do Gin\u00e1sio Poliesportivo Deputado Osvaldo Jos\u00e9 de Souza, \u00e0s 19 horas. O equipamento passa pelos \u00faltimos detalhes para a festa, que dever\u00e1 receber v\u00e1rios desportistas da regi\u00e3o, al\u00e9m de autoridades pol\u00edticas locais. Em audi\u00eancia na sexta-feira 8, com o prefeito do munic\u00edpio, Ivo Peixoto, secret\u00e1rio do Trabalho e Esporte da Bahia, \u00c1lvaro Gomes, confirmou presen\u00e7a na reabertura.<\/p>\n<p>A reforma consistiu na coloca\u00e7\u00e3o de novo piso e nova ilumina\u00e7\u00e3o, pintura total, restaura\u00e7\u00e3o de banheiros, cantina e vesti\u00e1rios. A obra ser\u00e1 entregue \u00e0 Prefeitura j\u00e1 nos pr\u00f3ximos dias com 100% conclu\u00edda, ap\u00f3s a \u00faltima etapa de servi\u00e7os, que \u00e9 a substitui\u00e7\u00e3o dos vitr\u00f4s. Um campeonato de futsal, com participa\u00e7\u00e3o de equipes de Gandu e cidades da regi\u00e3o, marcar\u00e1 a retomada das atividades do Gin\u00e1sio.<\/p>\n<p>O investimento \u00e9 da ordem R$ 300 mil, realizada com recursos da Sudesb e Governo da Bahia, em parceria com a Prefeitura Municipal de Gandu. Al\u00e9m do Gin\u00e1sio Poliesportivo, continua em andamento a constru\u00e7\u00e3o de novos espa\u00e7os para a pr\u00e1tica esportiva no munic\u00edpio. Em breve, anexas ao Gin\u00e1sio de Esportes, duas novas op\u00e7\u00f5es ser\u00e3o entregues aos desportistas locais: outra quadra poliesportiva e um campo society.<\/p>\n<p><!--more--><\/p>\n<p>Compromisso &#8211; As obras est\u00e3o avan\u00e7adas com arquibancadas, coloca\u00e7\u00e3o dos alambrados e o piso j\u00e1 em fase inicial. Em seguida ser\u00e1 a vez da conclus\u00e3o do campo society que j\u00e1 tem uma arquibancada pronta. A quadra vai estimular outras modalidades: futebol de sal\u00e3o, basquete, v\u00f4lei, handebol, gin\u00e1stica, capoeira, dan\u00e7a. Tamb\u00e9m ser\u00e3o realizadas a\u00e7\u00f5es dos programas do Governo Federal e projetos do munic\u00edpio durante os finais de semana. \u00c9 mais um compromisso dos governos municipal e estadual com a juventude e os desportistas ganduenses.<\/p>\n<p>Prefeito Ivo Peixoto esteve acompanhado do secret\u00e1rio de Esporte, Lazer, Cultura e Turismo, Wellington Rosa; do diretor de Esporte, F\u00e1bio Rodrigues, e do diretor de Lazer, Tiago Silva. \u201cNossa vinda \u00e0 Setre \u00e9 para solicitar apoio no fortalecimento do esporte em Gandu. Viemos em busca da renova\u00e7\u00e3o do projeto Dez na Bola, Dez na Escola, que incentiva a pr\u00e1tica de cinco modalidades esportivas: futebol, futsal, voleibol, basquetebol e handebol\u201d, justifica Ivo.<\/p>\n<p>O Dez na Bola, Dez na Escola existe h\u00e1 tr\u00eas anos de exist\u00eancia e beneficia 300 jovens na faixa de 9 a 17 anos. \u201cA comunidade de Gandu tem apoiado esta Escolinha de Esporte por encontrar motivos para ver seus filhos longe das drogas. Da\u00ed, a nossa preocupa\u00e7\u00e3o em solicitar a renova\u00e7\u00e3o deste conv\u00eanio\u201d, afirma o chefe do Executivo municipal.<\/p>\n<p>Constru\u00e7\u00e3o &#8211; Conv\u00eanio firmado com a Sudesb disponibiliza material esportivo e o pagamento dos monitores e professores de Educa\u00e7\u00e3o F\u00edsica, respons\u00e1veis pela execu\u00e7\u00e3o das atividades esportivas. Ainda durante o encontro, o prefeito solicitou do titular da Setre a constru\u00e7\u00e3o de uma piscina semiol\u00edmpica e a irriga\u00e7\u00e3o e ilumina\u00e7\u00e3o do Est\u00e1dio \u00c2ngelo Magalh\u00e3es (Macaxeir\u00e3o). Secret\u00e1rio \u00c1lvaro Gomes ficou de estudar a possibilidade da assinatura de um conv\u00eanio entre o Governo e a Prefeitura.<\/p>\n<p>Comitiva de Gandu retorna ao munic\u00edpio com o sinal verde do titular da Setre para a realiza\u00e7\u00e3o de outros projetos esportivos, como um curso de arbitragem em esportes de sal\u00e3o, a Copa da Graviola e o Programa de Esporte e Lazer da Cidade \u2013 Pelc.<\/p>\n","protected":false},"excerpt":{"rendered":"<p>A reforma recebeu um investimento da ordem R$ 300 mil, realizada com recursos da Sudesb e Governo da Bahia, em parceria com a Prefeitura Municipal de Gandu. Pr\u00f3ximo dia 23 de maio ser\u00e1 de festa para o desporto amador de Gandu. Acontece a reinaugura\u00e7\u00e3o do Gin\u00e1sio Poliesportivo Deputado Osvaldo Jos\u00e9 de Souza, \u00e0s 19 horas. [&hellip;]<\/p>\n","protected":false},"author":2,"featured_media":0,"comment_status":"open","ping_status":"open","sticky":false,"template":"","format":"standard","meta":{"_links_to":"","_links_to_target":""},"categories":[29],"tags":[],"_links":{"self":[{"href":"https:\/\/www.r2cpress.com.br\/v1\/wp-json\/wp\/v2\/posts\/93539"}],"collection":[{"href":"https:\/\/www.r2cpress.com.br\/v1\/wp-json\/wp\/v2\/posts"}],"about":[{"href":"https:\/\/www.r2cpress.com.br\/v1\/wp-json\/wp\/v2\/types\/post"}],"author":[{"embeddable":true,"href":"https:\/\/www.r2cpress.com.br\/v1\/wp-json\/wp\/v2\/users\/2"}],"replies":[{"embeddable":true,"href":"https:\/\/www.r2cpress.com.br\/v1\/wp-json\/wp\/v2\/comments?post=93539"}],"version-history":[{"count":2,"href":"https:\/\/www.r2cpress.com.br\/v1\/wp-json\/wp\/v2\/posts\/93539\/revisions"}],"predecessor-version":[{"id":93541,"href":"https:\/\/www.r2cpress.com.br\/v1\/wp-json\/wp\/v2\/posts\/93539\/revisions\/93541"}],"wp:attachment":[{"href":"https:\/\/www.r2cpress.com.br\/v1\/wp-json\/wp\/v2\/media?parent=93539"}],"wp:term":[{"taxonomy":"category","embeddable":true,"href":"https:\/\/www.r2cpress.com.br\/v1\/wp-json\/wp\/v2\/categories?post=93539"},{"taxonomy":"post_tag","embeddable":true,"href":"https:\/\/www.r2cpress.com.br\/v1\/wp-json\/wp\/v2\/tags?post=93539"}],"curies":[{"name":"wp","href":"https:\/\/api.w.org\/{rel}","templated":true}]}}